{"id":134054,"date":"2015-01-21T08:35:19","date_gmt":"2015-01-21T07:35:19","guid":{"rendered":"http:\/\/www.fuldaer-nachrichten.de\/?p=134054"},"modified":"2015-01-21T08:35:19","modified_gmt":"2015-01-21T07:35:19","slug":"wohnraum-fuer-studenten-verlaengert","status":"publish","type":"post","link":"https:\/\/www.fuldaernachrichten.de\/?p=134054","title":{"rendered":"Wohnraum f\u00fcr Studenten verl\u00e4ngert"},"content":{"rendered":"<p><img fetchpriority=\"high\" decoding=\"async\" class=\"alignleft size-thumbnail wp-image-134055\" src=\"http:\/\/www.fuldaer-nachrichten.de\/wp-content\/uploads\/2015\/01\/IMG_7500-265x245.jpg\" alt=\"IMG_7500\" width=\"265\" height=\"245\" srcset=\"https:\/\/www.fuldaernachrichten.de\/wp-content\/uploads\/2015\/01\/IMG_7500-265x245.jpg 265w, https:\/\/www.fuldaernachrichten.de\/wp-content\/uploads\/2015\/01\/IMG_7500.jpg 600w\" sizes=\"(max-width: 265px) 100vw, 265px\" \/>Fulda. Bereits vor drei Jahren sind die ersten Studierenden der Fuldaer Hochschule in das ehemalige Altenwohnheim in der Liobastra\u00dfe einzogen. Dass es sich hierbei nicht um klassische Studentenwohnheime handelt, ist aufgrund der Vorgeschichte des Hauses naheliegend. Um die Immobilie jedoch vor dem Verfall zu sch\u00fctzen und die leerstehenden R\u00e4umlichkeiten optimal zu nutzen, ist es f\u00fcr den Landkreis Fulda als Eigent\u00fcmer selbstverst\u00e4ndlich, das Studentenwerk Gie\u00dfen bei der Schaffung von mehr Wohnraum zu unterst\u00fctzen, erkl\u00e4rt der Erste Kreisbeigeordnete, Dr. Heiko Wingenfeld.<!--more--><\/p>\n<p>\u201eDie Studentenzahl ist in den letzten Jahren auf mittlerweile 7500 gestiegen. Die Nachfrage nach bezahlbarem Wohnraum ist demzufolge hoch.\u201c, berichtet der Gesch\u00e4ftsf\u00fchrer des Studentenwerks in Gie\u00dfen, Ralf Stobbe, im Gespr\u00e4ch. \u201eHinzu kommt ein Studentenanteil von elf Prozent aus internationalen L\u00e4ndern, die in der Regel nur wenige Semester bleiben und es deshalb auf dem Wohnungsmarkt besonders schwierig haben\u201c. Zusammen mit dem Internationalen Office<\/p>\n<p>Der Landkreis Fulda unterst\u00fctzt die Bem\u00fchungen der Hochschule, das internationale Profil zu sch\u00e4rfen und noch mehr ausl\u00e4ndische Studierende f\u00fcr ein Studium in Fulda zu gewinnen. \u201eUm den Hochschulstandort Fulda dauerhaft zu st\u00e4rken, sei es dabei sehr wichtig, auch den passenden Wohnraum zum Studienangebot zu bieten\u201c, hebt Wingenfeld hervor.<\/p>\n","protected":false},"excerpt":{"rendered":"<div class=\"tmnf_excerpt\"><p>Fulda. Bereits vor drei Jahren sind die ersten Studierenden der Fuldaer Hochschule in das ehemalige Altenwohnheim in der Liobastra\u00dfe einzogen. Dass es sich hierbei nicht um klassische Studentenwohnheime handelt, ist aufgrund der Vorgeschichte des Hauses naheliegend. Um die Immobilie jedoch vor dem Verfall zu sch\u00fctzen und die leerstehenden R\u00e4umlichkeiten optimal zu nutzen, ist es f\u00fcr &hellip;<\/p>\n<\/div>","protected":false},"author":1,"featured_media":0,"comment_status":"closed","ping_status":"closed","sticky":false,"template":"","format":"standard","meta":{"footnotes":""},"categories":[1,29],"tags":[],"class_list":["post-134054","post","type-post","status-publish","format-standard","hentry","category-startseite","category-politik"],"_links":{"self":[{"href":"https:\/\/www.fuldaernachrichten.de\/index.php?rest_route=\/wp\/v2\/posts\/134054","targetHints":{"allow":["GET"]}}],"collection":[{"href":"https:\/\/www.fuldaernachrichten.de\/index.php?rest_route=\/wp\/v2\/posts"}],"about":[{"href":"https:\/\/www.fuldaernachrichten.de\/index.php?rest_route=\/wp\/v2\/types\/post"}],"author":[{"embeddable":true,"href":"https:\/\/www.fuldaernachrichten.de\/index.php?rest_route=\/wp\/v2\/users\/1"}],"replies":[{"embeddable":true,"href":"https:\/\/www.fuldaernachrichten.de\/index.php?rest_route=%2Fwp%2Fv2%2Fcomments&post=134054"}],"version-history":[{"count":1,"href":"https:\/\/www.fuldaernachrichten.de\/index.php?rest_route=\/wp\/v2\/posts\/134054\/revisions"}],"predecessor-version":[{"id":134056,"href":"https:\/\/www.fuldaernachrichten.de\/index.php?rest_route=\/wp\/v2\/posts\/134054\/revisions\/134056"}],"wp:attachment":[{"href":"https:\/\/www.fuldaernachrichten.de\/index.php?rest_route=%2Fwp%2Fv2%2Fmedia&parent=134054"}],"wp:term":[{"taxonomy":"category","embeddable":true,"href":"https:\/\/www.fuldaernachrichten.de\/index.php?rest_route=%2Fwp%2Fv2%2Fcategories&post=134054"},{"taxonomy":"post_tag","embeddable":true,"href":"https:\/\/www.fuldaernachrichten.de\/index.php?rest_route=%2Fwp%2Fv2%2Ftags&post=134054"}],"curies":[{"name":"wp","href":"https:\/\/api.w.org\/{rel}","templated":true}]}}