{"id":134041,"date":"2015-01-21T08:27:15","date_gmt":"2015-01-21T07:27:15","guid":{"rendered":"http:\/\/www.fuldaer-nachrichten.de\/?p=134041"},"modified":"2015-01-21T08:27:15","modified_gmt":"2015-01-21T07:27:15","slug":"100-gaeste-bei-vortragsveranstaltung-40-jahre-eduard-stieler-schule-in-kooperation-mit-arbeitskreis-schule-wirtschaft","status":"publish","type":"post","link":"https:\/\/www.fuldaernachrichten.de\/?p=134041","title":{"rendered":"100 G\u00e4ste bei Vortragsveranstaltung \u201e40 Jahre Eduard-Stieler-Schule\u201c in Kooperation mit Arbeitskreis Schule-Wirtschaft"},"content":{"rendered":"<div id=\"attachment_134042\" style=\"width: 275px\" class=\"wp-caption alignleft\"><img decoding=\"async\" aria-describedby=\"caption-attachment-134042\" class=\"size-thumbnail wp-image-134042\" src=\"http:\/\/www.fuldaer-nachrichten.de\/wp-content\/uploads\/2015\/01\/SchuleWirtschaft-Rh\u00f6nEnergie-265x153.jpg\" alt=\" Trafen sich zur Fortbildungsveranstaltung des Arbeitskreises Schule-Wirtschaft: Matthias Hahner, Prof. Dr. Joachim M\u00fcller-Kirchenbauer, Angelika Bott-Werner und Dr. Rudolf Drexler (von links). \" width=\"265\" height=\"153\" \/><p id=\"caption-attachment-134042\" class=\"wp-caption-text\">Trafen sich zur Fortbildungsveranstaltung des Arbeitskreises Schule-Wirtschaft: Matthias Hahner, Prof. Dr. Joachim M\u00fcller-Kirchenbauer, Angelika Bott-Werner und Dr. Rudolf Drexler (von links).<\/p><\/div>\n<p>Fulda. \u201eEnergiewende \u2013 wohin steuern wir?\u201c \u2013 unter diesem Titel stand die erste Vortragsveranstaltung\u00c2\u00a0der Eduard-Stieler-Schule im neuen Jahr. Der Informationsabend wurde in Kooperation mit dem Arbeitskreis Schule-Wirtschaft unter Leitung von Angelika Bott-Werner und dem Bezirksverein Rhein-Main des Verbands der Elektrotechnik Elektronik Informationstechnik, kurz VDE Rhein-Main, organisiert. 100 G\u00e4ste waren der Einladung in das Rh\u00f6nEnergie-Informationszentrum gefolgt, um sich \u00fcber die Zukunft der Energiewirtschaft zu informieren.<!--more--><\/p>\n<p>\u201eAnl\u00e4sslich des 40-j\u00e4hrigen Bestehens der Eduard-Stieler-Schule haben wir uns dazu entschlossen, Informationsabende \u00fcber gesellschaftspolitisch relevante Themen anzubieten\u201c erkl\u00e4rte Schulleiter Dr. Rudolf Drexler in seiner Begr\u00fc\u00dfung. Dass sich der VDE seit Beginn der Energiewende sehr intensiv mit der Fragestellung \u201eWie erm\u00f6glichen wir eine sichere, umweltfreundliche und preisg\u00fcnstige Energieversorgung?\u201c besch\u00e4ftigt, unterstrich Matthias Hahner als Leiter der Region Ost im VDE Rhein-Main.<\/p>\n<p>Dr. Drexler begr\u00fc\u00dfte Prof. Dr. Joachim M\u00fcller-Kirchenbauer von der Technischen Universit\u00e4t Clausthal als Referenten. Der Inhaber des Lehrstuhls f\u00fcr Gasversorgungssysteme informierte das Publikum \u00fcber die Ziele der Energiewirtschaft \u2013 dazu z\u00e4hlen die Faktoren Versorgungssicherheit, Bezahlbarkeit und Umweltschutz. W\u00e4hrend sich die Versorgungssicherheit auf einem guten Weg befinde, best\u00fcnde in puncto Umweltschutz ein deutlicher Nachholbedarf. \u201eDie politischen Instrumente zur Umsetzung der Energiewende sind nicht optimal aufeinander abgestimmt.\u201c Ein Beleg seien gestiegene Emissionswerte: \u201eW\u00e4hrend des Ausbaus der erneuerbaren Energien ist der Kohlendioxid-Aussto\u00df in Deutschland zwischen 2009 und 2012 in Deutschland deutlich gestiegen.\u201c Dennoch zeigte sich der Experte optimistisch: \u201eIm internationalen Vergleich nimmt Deutschland eine Vorreiterrolle ein.\u201c<\/p>\n<p>In einer anschlie\u00dfenden Diskussionsrunde stellten die G\u00e4ste zahlreiche Fragen zu kontroversen und fachspezifischen Themen an den Referenten. Die Arbeitskreis-Vorsitzende Angelika Bott-Werner erkundigte sich nach der Einsch\u00e4tzung des Experten zum Bau der umstrittenen Nord-S\u00fcd-Trasse. Die Antwort des Universit\u00e4ts-Professors: \u201eDie Netzausbauma\u00dfnahmen sind sehr komplex. Eine Prognose, ob die Trasse \u00fcberhaupt gebaut wird, kann ich bislang nicht abgeben\u201c.<\/p>\n","protected":false},"excerpt":{"rendered":"<div class=\"tmnf_excerpt\"><p>Fulda. \u201eEnergiewende \u2013 wohin steuern wir?\u201c \u2013 unter diesem Titel stand die erste Vortragsveranstaltung\u00c2\u00a0der Eduard-Stieler-Schule im neuen Jahr. Der Informationsabend wurde in Kooperation mit dem Arbeitskreis Schule-Wirtschaft unter Leitung von Angelika Bott-Werner und dem Bezirksverein Rhein-Main des Verbands der Elektrotechnik Elektronik Informationstechnik, kurz VDE Rhein-Main, organisiert. 100 G\u00e4ste waren der Einladung in das Rh\u00f6nEnergie-Informationszentrum gefolgt, &hellip;<\/p>\n<\/div>","protected":false},"author":1,"featured_media":0,"comment_status":"closed","ping_status":"closed","sticky":false,"template":"","format":"standard","meta":{"footnotes":""},"categories":[1,53],"tags":[],"class_list":["post-134041","post","type-post","status-publish","format-standard","hentry","category-startseite","category-bildung"],"_links":{"self":[{"href":"https:\/\/www.fuldaernachrichten.de\/index.php?rest_route=\/wp\/v2\/posts\/134041","targetHints":{"allow":["GET"]}}],"collection":[{"href":"https:\/\/www.fuldaernachrichten.de\/index.php?rest_route=\/wp\/v2\/posts"}],"about":[{"href":"https:\/\/www.fuldaernachrichten.de\/index.php?rest_route=\/wp\/v2\/types\/post"}],"author":[{"embeddable":true,"href":"https:\/\/www.fuldaernachrichten.de\/index.php?rest_route=\/wp\/v2\/users\/1"}],"replies":[{"embeddable":true,"href":"https:\/\/www.fuldaernachrichten.de\/index.php?rest_route=%2Fwp%2Fv2%2Fcomments&post=134041"}],"version-history":[{"count":1,"href":"https:\/\/www.fuldaernachrichten.de\/index.php?rest_route=\/wp\/v2\/posts\/134041\/revisions"}],"predecessor-version":[{"id":134043,"href":"https:\/\/www.fuldaernachrichten.de\/index.php?rest_route=\/wp\/v2\/posts\/134041\/revisions\/134043"}],"wp:attachment":[{"href":"https:\/\/www.fuldaernachrichten.de\/index.php?rest_route=%2Fwp%2Fv2%2Fmedia&parent=134041"}],"wp:term":[{"taxonomy":"category","embeddable":true,"href":"https:\/\/www.fuldaernachrichten.de\/index.php?rest_route=%2Fwp%2Fv2%2Fcategories&post=134041"},{"taxonomy":"post_tag","embeddable":true,"href":"https:\/\/www.fuldaernachrichten.de\/index.php?rest_route=%2Fwp%2Fv2%2Ftags&post=134041"}],"curies":[{"name":"wp","href":"https:\/\/api.w.org\/{rel}","templated":true}]}}