{"id":134039,"date":"2015-01-21T08:25:51","date_gmt":"2015-01-21T07:25:51","guid":{"rendered":"http:\/\/www.fuldaer-nachrichten.de\/?p=134039"},"modified":"2015-01-21T08:25:51","modified_gmt":"2015-01-21T07:25:51","slug":"einfuehrungsseminar-gewaltfreie-kommunikation","status":"publish","type":"post","link":"https:\/\/www.fuldaernachrichten.de\/?p=134039","title":{"rendered":"Einf\u00fchrungsseminar \u201eGewaltfreie Kommunikation\u201c"},"content":{"rendered":"<p>Gersfeld\/Dalherda. Von Freitag, den 30. Januar bis Sonntag, den 1. Februar findet im Ausbildungsinstitut \u201eWege und Wandlungen\u201c in Gersfeld\/Dalherda eine Weiterbildung zum Thema \u201eGewaltfreie Kommunikation\u201c statt. Unter der Leitung der Supervisorin (DGSv) und Ausbilderin Renate Gr\u00e4nzer werden praktische L\u00f6sungswege f\u00fcr eine gelingende Kommunikation und die sinnvolle Bew\u00e4ltigung von Konflikten vermittelt. Bildungsgutscheine werden angenommen und eine Akkreditierung f\u00fcr Lehrer ist anerkannt. Informationen und Anmeldungen unter Tel. 0661-22196 oder 06656-919939<\/p>\n","protected":false},"excerpt":{"rendered":"<div class=\"tmnf_excerpt\"><p>Gersfeld\/Dalherda. Von Freitag, den 30. Januar bis Sonntag, den 1. Februar findet im Ausbildungsinstitut \u201eWege und Wandlungen\u201c in Gersfeld\/Dalherda eine Weiterbildung zum Thema \u201eGewaltfreie Kommunikation\u201c statt. Unter der Leitung der Supervisorin (DGSv) und Ausbilderin Renate Gr\u00e4nzer werden praktische L\u00f6sungswege f\u00fcr eine gelingende Kommunikation und die sinnvolle Bew\u00e4ltigung von Konflikten vermittelt. Bildungsgutscheine werden angenommen und eine &hellip;<\/p>\n<\/div>","protected":false},"author":1,"featured_media":0,"comment_status":"closed","ping_status":"closed","sticky":false,"template":"","format":"standard","meta":{"footnotes":""},"categories":[1],"tags":[],"class_list":["post-134039","post","type-post","status-publish","format-standard","hentry","category-startseite"],"_links":{"self":[{"href":"https:\/\/www.fuldaernachrichten.de\/index.php?rest_route=\/wp\/v2\/posts\/134039","targetHints":{"allow":["GET"]}}],"collection":[{"href":"https:\/\/www.fuldaernachrichten.de\/index.php?rest_route=\/wp\/v2\/posts"}],"about":[{"href":"https:\/\/www.fuldaernachrichten.de\/index.php?rest_route=\/wp\/v2\/types\/post"}],"author":[{"embeddable":true,"href":"https:\/\/www.fuldaernachrichten.de\/index.php?rest_route=\/wp\/v2\/users\/1"}],"replies":[{"embeddable":true,"href":"https:\/\/www.fuldaernachrichten.de\/index.php?rest_route=%2Fwp%2Fv2%2Fcomments&post=134039"}],"version-history":[{"count":1,"href":"https:\/\/www.fuldaernachrichten.de\/index.php?rest_route=\/wp\/v2\/posts\/134039\/revisions"}],"predecessor-version":[{"id":134040,"href":"https:\/\/www.fuldaernachrichten.de\/index.php?rest_route=\/wp\/v2\/posts\/134039\/revisions\/134040"}],"wp:attachment":[{"href":"https:\/\/www.fuldaernachrichten.de\/index.php?rest_route=%2Fwp%2Fv2%2Fmedia&parent=134039"}],"wp:term":[{"taxonomy":"category","embeddable":true,"href":"https:\/\/www.fuldaernachrichten.de\/index.php?rest_route=%2Fwp%2Fv2%2Fcategories&post=134039"},{"taxonomy":"post_tag","embeddable":true,"href":"https:\/\/www.fuldaernachrichten.de\/index.php?rest_route=%2Fwp%2Fv2%2Ftags&post=134039"}],"curies":[{"name":"wp","href":"https:\/\/api.w.org\/{rel}","templated":true}]}}