{"id":134034,"date":"2015-01-21T08:15:59","date_gmt":"2015-01-21T07:15:59","guid":{"rendered":"http:\/\/www.fuldaer-nachrichten.de\/?p=134034"},"modified":"2015-01-21T08:15:59","modified_gmt":"2015-01-21T07:15:59","slug":"ausbildung-und-studium-bei-der-bundeswehr-7","status":"publish","type":"post","link":"https:\/\/www.fuldaernachrichten.de\/?p=134034","title":{"rendered":"Ausbildung und Studium bei der Bundeswehr"},"content":{"rendered":"<p>Bad Hersfeld. Junge Frauen und M\u00e4nner, die sich f\u00fcr eine Ausbildung oder ein Studium bei der Bundeswehr interessieren, erhalten am Donnerstag, 29. Januar, von 9 bis 17 Uhr Informationen aus erster Hand. Frau Regierungsamtfrau St\u00fcbing, Karriereberaterin bei der Bundeswehr, informiert \u00fcber Einstellungsvoraussetzungen, Einstellungstermine, Bewerbungsverfahren, Studium, Weiterbildungsm\u00f6glichkeiten und\/oder soziale Absicherung. Die Beratungsgespr\u00e4che finden im Berufsinformationszentrum (BiZ) der Agentur f\u00fcr Arbeit in Bad Hersfeld statt. Eine Anmeldung ist nicht erforderlich.<\/p>\n","protected":false},"excerpt":{"rendered":"<div class=\"tmnf_excerpt\"><p>Bad Hersfeld. Junge Frauen und M\u00e4nner, die sich f\u00fcr eine Ausbildung oder ein Studium bei der Bundeswehr interessieren, erhalten am Donnerstag, 29. Januar, von 9 bis 17 Uhr Informationen aus erster Hand. Frau Regierungsamtfrau St\u00fcbing, Karriereberaterin bei der Bundeswehr, informiert \u00fcber Einstellungsvoraussetzungen, Einstellungstermine, Bewerbungsverfahren, Studium, Weiterbildungsm\u00f6glichkeiten und\/oder soziale Absicherung. Die Beratungsgespr\u00e4che finden im Berufsinformationszentrum (BiZ) &hellip;<\/p>\n<\/div>","protected":false},"author":1,"featured_media":0,"comment_status":"closed","ping_status":"closed","sticky":false,"template":"","format":"standard","meta":{"footnotes":""},"categories":[1,53],"tags":[],"class_list":["post-134034","post","type-post","status-publish","format-standard","hentry","category-startseite","category-bildung"],"_links":{"self":[{"href":"https:\/\/www.fuldaernachrichten.de\/index.php?rest_route=\/wp\/v2\/posts\/134034","targetHints":{"allow":["GET"]}}],"collection":[{"href":"https:\/\/www.fuldaernachrichten.de\/index.php?rest_route=\/wp\/v2\/posts"}],"about":[{"href":"https:\/\/www.fuldaernachrichten.de\/index.php?rest_route=\/wp\/v2\/types\/post"}],"author":[{"embeddable":true,"href":"https:\/\/www.fuldaernachrichten.de\/index.php?rest_route=\/wp\/v2\/users\/1"}],"replies":[{"embeddable":true,"href":"https:\/\/www.fuldaernachrichten.de\/index.php?rest_route=%2Fwp%2Fv2%2Fcomments&post=134034"}],"version-history":[{"count":1,"href":"https:\/\/www.fuldaernachrichten.de\/index.php?rest_route=\/wp\/v2\/posts\/134034\/revisions"}],"predecessor-version":[{"id":134035,"href":"https:\/\/www.fuldaernachrichten.de\/index.php?rest_route=\/wp\/v2\/posts\/134034\/revisions\/134035"}],"wp:attachment":[{"href":"https:\/\/www.fuldaernachrichten.de\/index.php?rest_route=%2Fwp%2Fv2%2Fmedia&parent=134034"}],"wp:term":[{"taxonomy":"category","embeddable":true,"href":"https:\/\/www.fuldaernachrichten.de\/index.php?rest_route=%2Fwp%2Fv2%2Fcategories&post=134034"},{"taxonomy":"post_tag","embeddable":true,"href":"https:\/\/www.fuldaernachrichten.de\/index.php?rest_route=%2Fwp%2Fv2%2Ftags&post=134034"}],"curies":[{"name":"wp","href":"https:\/\/api.w.org\/{rel}","templated":true}]}}