{"id":134031,"date":"2015-01-21T08:14:47","date_gmt":"2015-01-21T07:14:47","guid":{"rendered":"http:\/\/www.fuldaer-nachrichten.de\/?p=134031"},"modified":"2015-01-21T08:14:47","modified_gmt":"2015-01-21T07:14:47","slug":"geniessen-im-dunkeln-spezial","status":"publish","type":"post","link":"https:\/\/www.fuldaernachrichten.de\/?p=134031","title":{"rendered":"Genie\u00dfen im Dunkeln Spezial"},"content":{"rendered":"<p><strong><img decoding=\"async\" class=\"alignleft size-thumbnail wp-image-134032\" src=\"http:\/\/www.fuldaer-nachrichten.de\/wp-content\/uploads\/2015\/01\/BANKETT_SINNREICH_GENIESSEN-IM-DUNEKLN_BILD-265x164.jpg\" alt=\"BANKETT_SINNREICH_GENIESSEN-IM-DUNEKLN_BILD\" width=\"265\" height=\"164\" srcset=\"https:\/\/www.fuldaernachrichten.de\/wp-content\/uploads\/2015\/01\/BANKETT_SINNREICH_GENIESSEN-IM-DUNEKLN_BILD-265x164.jpg 265w, https:\/\/www.fuldaernachrichten.de\/wp-content\/uploads\/2015\/01\/BANKETT_SINNREICH_GENIESSEN-IM-DUNEKLN_BILD.jpg 600w\" sizes=\"(max-width: 265px) 100vw, 265px\" \/>Fulda.<\/strong> Seit vielen Jahren begeistert bankett sinnreich, ehemals tegut\u00e2\u20ac\u00a6 bankett, mit Genie\u00dfen im Dunkeln. Ab diesem Jahr unter neuem Namen und mit neuen Geschmackserlebnissen. Die aktuelle Staffel \u00fcberrascht mit einem einzigartigen Bio-Men\u00fc im Dunkeln in der neuen Eventlocation LindenGut in Dipperz (Kohlgrund).<!--more--><\/p>\n<p>Ab 23. Januar macht bankett sinnreich seinem neuen Namen auf bekanntem Wege alle Ehre: Bei Genie\u00dfen im Dunkeln \u00fcberrascht der Bio-Caterer die Teilnehmer mit au\u00dfergew\u00f6hnlichen Sinneserfahrungen. Das Dinner findet in absoluter Dunkelheit statt \u2013 ohne die Hilfe des Augenlichts eine Herausforderung f\u00fcr alle anderen Sinne: Essen wird so zu einem ungew\u00f6hnlich intensiven Erlebnis. In den R\u00e4umen des neuen Bio-G\u00e4stehauses LindenGut in Dipperz k\u00f6nnen sich die Teilnehmer auf einen ereignisreichen Abend voll neuer Sinneserfahrungen freuen.<\/p>\n<p>Vor der Verkostung des Bio-Men\u00fcs werden die G\u00e4ste mit einem Aperitif in einem lichtlosen Raum empfangen. Dort erl\u00e4utert das Serviceteam den Ablauf des Dinners und beantwortet Fragen. Durch eine Schleuse gelangen die G\u00e4ste in das Dunkelrestaurant, wo sie vier G\u00e4nge eines Bio-Men\u00fcs genie\u00dfen. Dazu werden passende Bio-Weine und alkoholfreie Getr\u00e4nke gereicht. Die Zutaten des Men\u00fcs bleiben zun\u00e4chst geheim, sodass jeder Gast das Gericht selbst erschmecken und erf\u00fchlen kann.<\/p>\n<p>Erst nach jedem Gang erl\u00e4utert bankett sinnreich die Kreationen. W\u00e4hrend des Dinners steht das Servicepersonal, mit Nachtsichtger\u00e4ten ausgestattet, den G\u00e4sten zur Seite und geleitet sie auf Wunsch hinaus und wieder hinein. Anna-Sophie Goldbach, Auszubildende bei bankett sinnreich, betreut und organisiert die aktuelle Staffel im Rahmen eines Ausbildungsprojektes. Sie freut sich besonders, da es dieses Jahr viel Neues zu entdecken gibt: \u201eAuch G\u00e4ste, die schon einmal in der LERNSTATT zu Genie\u00dfen im Dunkeln bei uns waren k\u00f6nnen dieses Jahr gespannt sein. Die Location und das neue Bio-Men\u00fc sind gewisserma\u00dfen eine \u00dcberraschung f\u00fcr alle G\u00e4ste\u201c, so Goldbach.<\/p>\n<p>Genie\u00dfen im Dunkeln findet vom 23. Januar bis 14. M\u00e4rz 2015 jeden Freitag und Samstag ab 18.00 Uhr im LindenGut, Kohlgrunder Weg 1, in Dipperz statt. Die Kosten f\u00fcr das kulinarische Event betragen 55 Euro pro Person und enthalten alle Speisen und Getr\u00e4nke. Da bereits einige Termine ausgebucht sind ist eine Anmeldung unter Tel. 0661 25181-070 oder per E-Mail unter <a href=\"mailto:info@bankett-sinnreich.eu\">info@bankett-sinnreich.eu<\/a> notwendig. F\u00fcr Firmen und Gruppen besteht auch au\u00dferhalb der genannten Termine die M\u00f6glichkeit einer Buchung.<\/p>\n<p><strong>Hintergrundinformationen: <\/strong><\/p>\n<p>Das Event Genie\u00dfen im Dunkeln entstand im Rahmen des 150-j\u00e4hrigen Bestehens der Blindeninstitutsstiftung W\u00fcrzburg im Jahr 2005. Es m\u00f6chte mehr Verst\u00e4ndnis f\u00fcr blinde und sehbehinderte Menschen ausl\u00f6sen. Ein Teil des Erl\u00f6ses kommt daher der W\u00fcrzburger Stiftung als Spende zu Gute. Weitere Informationen unter www.bankett-sinnreich.eu.<\/p>\n","protected":false},"excerpt":{"rendered":"<div class=\"tmnf_excerpt\"><p>Fulda. Seit vielen Jahren begeistert bankett sinnreich, ehemals tegut\u00e2\u20ac\u00a6 bankett, mit Genie\u00dfen im Dunkeln. Ab diesem Jahr unter neuem Namen und mit neuen Geschmackserlebnissen. Die aktuelle Staffel \u00fcberrascht mit einem einzigartigen Bio-Men\u00fc im Dunkeln in der neuen Eventlocation LindenGut in Dipperz (Kohlgrund).<\/p>\n<\/div>","protected":false},"author":1,"featured_media":0,"comment_status":"closed","ping_status":"closed","sticky":false,"template":"","format":"standard","meta":{"footnotes":""},"categories":[1,37],"tags":[],"class_list":["post-134031","post","type-post","status-publish","format-standard","hentry","category-startseite","category-essen-und-trinken"],"_links":{"self":[{"href":"https:\/\/www.fuldaernachrichten.de\/index.php?rest_route=\/wp\/v2\/posts\/134031","targetHints":{"allow":["GET"]}}],"collection":[{"href":"https:\/\/www.fuldaernachrichten.de\/index.php?rest_route=\/wp\/v2\/posts"}],"about":[{"href":"https:\/\/www.fuldaernachrichten.de\/index.php?rest_route=\/wp\/v2\/types\/post"}],"author":[{"embeddable":true,"href":"https:\/\/www.fuldaernachrichten.de\/index.php?rest_route=\/wp\/v2\/users\/1"}],"replies":[{"embeddable":true,"href":"https:\/\/www.fuldaernachrichten.de\/index.php?rest_route=%2Fwp%2Fv2%2Fcomments&post=134031"}],"version-history":[{"count":1,"href":"https:\/\/www.fuldaernachrichten.de\/index.php?rest_route=\/wp\/v2\/posts\/134031\/revisions"}],"predecessor-version":[{"id":134033,"href":"https:\/\/www.fuldaernachrichten.de\/index.php?rest_route=\/wp\/v2\/posts\/134031\/revisions\/134033"}],"wp:attachment":[{"href":"https:\/\/www.fuldaernachrichten.de\/index.php?rest_route=%2Fwp%2Fv2%2Fmedia&parent=134031"}],"wp:term":[{"taxonomy":"category","embeddable":true,"href":"https:\/\/www.fuldaernachrichten.de\/index.php?rest_route=%2Fwp%2Fv2%2Fcategories&post=134031"},{"taxonomy":"post_tag","embeddable":true,"href":"https:\/\/www.fuldaernachrichten.de\/index.php?rest_route=%2Fwp%2Fv2%2Ftags&post=134031"}],"curies":[{"name":"wp","href":"https:\/\/api.w.org\/{rel}","templated":true}]}}