{"id":134020,"date":"2015-01-21T08:06:08","date_gmt":"2015-01-21T07:06:08","guid":{"rendered":"http:\/\/www.fuldaer-nachrichten.de\/?p=134020"},"modified":"2015-01-21T08:06:08","modified_gmt":"2015-01-21T07:06:08","slug":"kino-fuer-senioren-6","status":"publish","type":"post","link":"https:\/\/www.fuldaernachrichten.de\/?p=134020","title":{"rendered":"Kino f\u00fcr Senioren"},"content":{"rendered":"<p>Fulda. Am Mittwoch, den 28. Januar, um 15:00 Uhr findet im CineStar in der L\u00f6herstra\u00dfe eine Kinovorf\u00fchrung f\u00fcr \u00e4ltere Menschen statt. Gezeigt wird der Film \u201eHonig im Kopf\u201c. Die junge Tilda (Emma Schweiger) liebt ihren Gro\u00dfvater Amandus (Dieter Hallervorden) \u00fcber alles. Der erkrankt jedoch an Alzheimer, wodurch er zunehmend vergesslicher wird und sich zuhause nicht mehr zurecht zu finden scheint. F\u00fcr das in die Jahre gekommene Familienoberhaupt stehen daher alle Zeichen auf Seniorenheim. Niko, (Til Schweiger), der Vater von Tilda und Sohn von Amandus, h\u00e4lt es f\u00fcr das Beste, den alten Mann in Betreuung zu geben. <!--more--><\/p>\n<p>Doch die elfj\u00e4hrige Tilda akzeptiert diese Entscheidung keineswegs. Stattdessen macht sie deutlich, dass sie auch noch ein gewichtiges Wort bei der Amandus betreffenden Zukunftsgestaltung mitzureden hat. Kurzerhand entf\u00fchrt Tilda den verdutzten Opa, der so gerne noch einmal Venedig sehen w\u00fcrde. Eine spannende, turbulente und pr\u00e4gende Reise nimmt ihren Lauf\u00e2\u20ac\u00a6Karten zum Preis von 6,50 und 7,50 Euro erhalten Sie im Cinestar.<\/p>\n","protected":false},"excerpt":{"rendered":"<div class=\"tmnf_excerpt\"><p>Fulda. Am Mittwoch, den 28. Januar, um 15:00 Uhr findet im CineStar in der L\u00f6herstra\u00dfe eine Kinovorf\u00fchrung f\u00fcr \u00e4ltere Menschen statt. Gezeigt wird der Film \u201eHonig im Kopf\u201c. Die junge Tilda (Emma Schweiger) liebt ihren Gro\u00dfvater Amandus (Dieter Hallervorden) \u00fcber alles. Der erkrankt jedoch an Alzheimer, wodurch er zunehmend vergesslicher wird und sich zuhause nicht &hellip;<\/p>\n<\/div>","protected":false},"author":1,"featured_media":0,"comment_status":"closed","ping_status":"closed","sticky":false,"template":"","format":"standard","meta":{"footnotes":""},"categories":[1,44],"tags":[],"class_list":["post-134020","post","type-post","status-publish","format-standard","hentry","category-startseite","category-kultur"],"_links":{"self":[{"href":"https:\/\/www.fuldaernachrichten.de\/index.php?rest_route=\/wp\/v2\/posts\/134020","targetHints":{"allow":["GET"]}}],"collection":[{"href":"https:\/\/www.fuldaernachrichten.de\/index.php?rest_route=\/wp\/v2\/posts"}],"about":[{"href":"https:\/\/www.fuldaernachrichten.de\/index.php?rest_route=\/wp\/v2\/types\/post"}],"author":[{"embeddable":true,"href":"https:\/\/www.fuldaernachrichten.de\/index.php?rest_route=\/wp\/v2\/users\/1"}],"replies":[{"embeddable":true,"href":"https:\/\/www.fuldaernachrichten.de\/index.php?rest_route=%2Fwp%2Fv2%2Fcomments&post=134020"}],"version-history":[{"count":1,"href":"https:\/\/www.fuldaernachrichten.de\/index.php?rest_route=\/wp\/v2\/posts\/134020\/revisions"}],"predecessor-version":[{"id":134021,"href":"https:\/\/www.fuldaernachrichten.de\/index.php?rest_route=\/wp\/v2\/posts\/134020\/revisions\/134021"}],"wp:attachment":[{"href":"https:\/\/www.fuldaernachrichten.de\/index.php?rest_route=%2Fwp%2Fv2%2Fmedia&parent=134020"}],"wp:term":[{"taxonomy":"category","embeddable":true,"href":"https:\/\/www.fuldaernachrichten.de\/index.php?rest_route=%2Fwp%2Fv2%2Fcategories&post=134020"},{"taxonomy":"post_tag","embeddable":true,"href":"https:\/\/www.fuldaernachrichten.de\/index.php?rest_route=%2Fwp%2Fv2%2Ftags&post=134020"}],"curies":[{"name":"wp","href":"https:\/\/api.w.org\/{rel}","templated":true}]}}