{"id":134016,"date":"2015-01-20T00:17:13","date_gmt":"2015-01-19T23:17:13","guid":{"rendered":"http:\/\/www.fuldaer-nachrichten.de\/?p=134016"},"modified":"2015-01-19T21:43:20","modified_gmt":"2015-01-19T20:43:20","slug":"ueberall-grimm-literarischer-freizeitfuehrer-von-hr2-kultur-und-adac-neu-aufgelegt","status":"publish","type":"post","link":"https:\/\/www.fuldaernachrichten.de\/?p=134016","title":{"rendered":"\u201e\u00dcberall Grimm\u201c  Literarischer Freizeitf\u00fchrer von hr2-kultur und ADAC neu aufgelegt"},"content":{"rendered":"<p>Frankfurt. Die Br\u00fcder Grimm sind echte Hessen! Mit dem Leben der beliebten M\u00e4rchensammler macht der literarische Freizeitf\u00fchrer \u201e\u00dcberall Grimm\u201c vertraut, der jetzt neu aufgelegt wurde. \u201e\u00dcberall Grimm\u201c wird von hr2-kultur im Rahmen des Projekts \u201eLiteraturland Hessen\u201c in Kooperation mit dem Hessischen Ministerium f\u00fcr Wissenschaft und Kunst gemeinsam mit dem ADAC herausgegeben. Er ist kostenlos erh\u00e4ltlich bei den ADAC-Gesch\u00e4ftsstellen &amp; -Reiseb\u00fcros in Hessen oder beim H\u00f6rerservice des Hessischen Rundfunks, Telefon: (069) 155-5100.<!--more--><\/p>\n<p>Der Kulturf\u00fchrer \u201e\u00dcberall Grimm\u201c f\u00fchrt sachkundig zu den zahlreichen Wirkungsst\u00e4tten der Br\u00fcder Grimm in Hessen und stellt auch die \u201eM\u00e4rchenbeitr\u00e4ger\u201c vor, die den Grimms vor 200 Jahren die M\u00e4rchen erz\u00e4hlten. Stationen sind unter anderem das Br\u00fcder-Grimm-Haus und Museum Steinau, das Br\u00fcder-Grimm-Museum in Kassel und die M\u00e4rchenwache in Schauenburg-Breitenbach. Neben Tipps und Informationen zum nordhessischen M\u00e4rchenland erg\u00e4nzen Lese- und H\u00f6rbuchtipps das Angebot.<\/p>\n<p>\u201e\u00dcberall Grimm\u201c ist das j\u00fcngste Projekt einer langj\u00e4hrigen erfolgreichen Zusammenarbeit: Gemeinsam mit dem ADAC und mit Unterst\u00fctzung des Hessischen Ministeriums f\u00fcr Wissenschaft und Kunst hat hr2-kultur bereits Kultur- und Freizeitf\u00fchrer f\u00fcr Nord-, Mittel- und S\u00fcdhessen sowie den literarischen Radreisef\u00fchrer \u201eLiteRadTouren\u201c herausgegeben.<\/p>\n<p>Das Gemeinschaftsprojekt \u201eLiteraturland Hessen\u201c wurde 2004 von hr2-kultur gemeinsam mit dem Hessischen Ministerium f\u00fcr Wissenschaft und Kunst sowie dem Hessischen Literaturrat e. V. mit dem Ziel gegr\u00fcndet, die Literaturgeschichte(n) des Bundeslandes erlebbar zu machen.<\/p>\n","protected":false},"excerpt":{"rendered":"<div class=\"tmnf_excerpt\"><p>Frankfurt. Die Br\u00fcder Grimm sind echte Hessen! Mit dem Leben der beliebten M\u00e4rchensammler macht der literarische Freizeitf\u00fchrer \u201e\u00dcberall Grimm\u201c vertraut, der jetzt neu aufgelegt wurde. \u201e\u00dcberall Grimm\u201c wird von hr2-kultur im Rahmen des Projekts \u201eLiteraturland Hessen\u201c in Kooperation mit dem Hessischen Ministerium f\u00fcr Wissenschaft und Kunst gemeinsam mit dem ADAC herausgegeben. Er ist kostenlos erh\u00e4ltlich &hellip;<\/p>\n<\/div>","protected":false},"author":1,"featured_media":0,"comment_status":"closed","ping_status":"closed","sticky":false,"template":"","format":"standard","meta":{"footnotes":""},"categories":[1],"tags":[],"class_list":["post-134016","post","type-post","status-publish","format-standard","hentry","category-startseite"],"_links":{"self":[{"href":"https:\/\/www.fuldaernachrichten.de\/index.php?rest_route=\/wp\/v2\/posts\/134016","targetHints":{"allow":["GET"]}}],"collection":[{"href":"https:\/\/www.fuldaernachrichten.de\/index.php?rest_route=\/wp\/v2\/posts"}],"about":[{"href":"https:\/\/www.fuldaernachrichten.de\/index.php?rest_route=\/wp\/v2\/types\/post"}],"author":[{"embeddable":true,"href":"https:\/\/www.fuldaernachrichten.de\/index.php?rest_route=\/wp\/v2\/users\/1"}],"replies":[{"embeddable":true,"href":"https:\/\/www.fuldaernachrichten.de\/index.php?rest_route=%2Fwp%2Fv2%2Fcomments&post=134016"}],"version-history":[{"count":1,"href":"https:\/\/www.fuldaernachrichten.de\/index.php?rest_route=\/wp\/v2\/posts\/134016\/revisions"}],"predecessor-version":[{"id":134017,"href":"https:\/\/www.fuldaernachrichten.de\/index.php?rest_route=\/wp\/v2\/posts\/134016\/revisions\/134017"}],"wp:attachment":[{"href":"https:\/\/www.fuldaernachrichten.de\/index.php?rest_route=%2Fwp%2Fv2%2Fmedia&parent=134016"}],"wp:term":[{"taxonomy":"category","embeddable":true,"href":"https:\/\/www.fuldaernachrichten.de\/index.php?rest_route=%2Fwp%2Fv2%2Fcategories&post=134016"},{"taxonomy":"post_tag","embeddable":true,"href":"https:\/\/www.fuldaernachrichten.de\/index.php?rest_route=%2Fwp%2Fv2%2Ftags&post=134016"}],"curies":[{"name":"wp","href":"https:\/\/api.w.org\/{rel}","templated":true}]}}