{"id":134006,"date":"2015-01-20T00:11:07","date_gmt":"2015-01-19T23:11:07","guid":{"rendered":"http:\/\/www.fuldaer-nachrichten.de\/?p=134006"},"modified":"2015-01-19T21:34:52","modified_gmt":"2015-01-19T20:34:52","slug":"naehkurse-starten-zwei-wochen-spaeter","status":"publish","type":"post","link":"https:\/\/www.fuldaernachrichten.de\/?p=134006","title":{"rendered":"N\u00e4hkurse starten zwei Wochen sp\u00e4ter"},"content":{"rendered":"<p>DIPPERZ\/EICHENZELL. Die Volkshochschule des Landkreises Fulda bittet um Beachtung, dass die Kurse \u201eN\u00e4hen f\u00fcr Anf\u00e4nger und Fortgeschrittene\u201c, die in Dipperz und Eichenzell am 3. und 4. Februar beginnen sollten, um jeweils zwei Wochen verschoben werden m\u00fcssen. Der Kurs in der Grundschule Dipperz beginnt jetzt am Dienstag, 17. Februar, um 19 Uhr und der Kurs in der von-Galen-Schule Eichenzell am Mittwoch, 18. Februar, um 18.30 Uhr. Informationen und vorherige Anmeldung bei der VHS-Gesch\u00e4ftsstelle, Telefon (0661)25199-0, oder unter <a href=\"http:\/\/www.vhs-fulda.de\">www.vhs-fulda.de<\/a><span style=\"text-decoration: underline;\">.<\/span><\/p>\n","protected":false},"excerpt":{"rendered":"<div class=\"tmnf_excerpt\"><p>DIPPERZ\/EICHENZELL. Die Volkshochschule des Landkreises Fulda bittet um Beachtung, dass die Kurse \u201eN\u00e4hen f\u00fcr Anf\u00e4nger und Fortgeschrittene\u201c, die in Dipperz und Eichenzell am 3. und 4. Februar beginnen sollten, um jeweils zwei Wochen verschoben werden m\u00fcssen. Der Kurs in der Grundschule Dipperz beginnt jetzt am Dienstag, 17. Februar, um 19 Uhr und der Kurs in &hellip;<\/p>\n<\/div>","protected":false},"author":1,"featured_media":0,"comment_status":"closed","ping_status":"closed","sticky":false,"template":"","format":"standard","meta":{"footnotes":""},"categories":[1,53],"tags":[],"class_list":["post-134006","post","type-post","status-publish","format-standard","hentry","category-startseite","category-bildung"],"_links":{"self":[{"href":"https:\/\/www.fuldaernachrichten.de\/index.php?rest_route=\/wp\/v2\/posts\/134006","targetHints":{"allow":["GET"]}}],"collection":[{"href":"https:\/\/www.fuldaernachrichten.de\/index.php?rest_route=\/wp\/v2\/posts"}],"about":[{"href":"https:\/\/www.fuldaernachrichten.de\/index.php?rest_route=\/wp\/v2\/types\/post"}],"author":[{"embeddable":true,"href":"https:\/\/www.fuldaernachrichten.de\/index.php?rest_route=\/wp\/v2\/users\/1"}],"replies":[{"embeddable":true,"href":"https:\/\/www.fuldaernachrichten.de\/index.php?rest_route=%2Fwp%2Fv2%2Fcomments&post=134006"}],"version-history":[{"count":1,"href":"https:\/\/www.fuldaernachrichten.de\/index.php?rest_route=\/wp\/v2\/posts\/134006\/revisions"}],"predecessor-version":[{"id":134007,"href":"https:\/\/www.fuldaernachrichten.de\/index.php?rest_route=\/wp\/v2\/posts\/134006\/revisions\/134007"}],"wp:attachment":[{"href":"https:\/\/www.fuldaernachrichten.de\/index.php?rest_route=%2Fwp%2Fv2%2Fmedia&parent=134006"}],"wp:term":[{"taxonomy":"category","embeddable":true,"href":"https:\/\/www.fuldaernachrichten.de\/index.php?rest_route=%2Fwp%2Fv2%2Fcategories&post=134006"},{"taxonomy":"post_tag","embeddable":true,"href":"https:\/\/www.fuldaernachrichten.de\/index.php?rest_route=%2Fwp%2Fv2%2Ftags&post=134006"}],"curies":[{"name":"wp","href":"https:\/\/api.w.org\/{rel}","templated":true}]}}