{"id":134001,"date":"2015-01-20T00:14:22","date_gmt":"2015-01-19T23:14:22","guid":{"rendered":"http:\/\/www.fuldaer-nachrichten.de\/?p=134001"},"modified":"2015-01-19T21:32:10","modified_gmt":"2015-01-19T20:32:10","slug":"kreativer-assessment-tag-im-lietz-internat-hohenwehrda-fuer-die-klassenstufen-5-bis-10","status":"publish","type":"post","link":"https:\/\/www.fuldaernachrichten.de\/?p=134001","title":{"rendered":"Kreativer Assessment-Tag im Lietz-Internat Hohenwehrda f\u00fcr die Klassenstufen 5 bis 10"},"content":{"rendered":"<p><img decoding=\"async\" class=\"alignleft size-thumbnail wp-image-134002\" src=\"http:\/\/www.fuldaer-nachrichten.de\/wp-content\/uploads\/2015\/01\/Hohenwehrda-265x177.jpg\" alt=\"Hohenwehrda\" width=\"265\" height=\"177\" srcset=\"https:\/\/www.fuldaernachrichten.de\/wp-content\/uploads\/2015\/01\/Hohenwehrda-265x177.jpg 265w, https:\/\/www.fuldaernachrichten.de\/wp-content\/uploads\/2015\/01\/Hohenwehrda.jpg 600w\" sizes=\"(max-width: 265px) 100vw, 265px\" \/>Haunetal. F\u00f6rderung f\u00fcr kreative K\u00f6pfe: Das Lietz-Internat Hohenwehrda vergibt regelm\u00e4\u00dfig attraktive musische Stipendien an Sch\u00fclerinnen und Sch\u00fcler. Das Team hat sich auf die kreative Ausbildung der Kinder und Jugendlichen spezialisiert und bietet eine Gesangs- und Chorausbildung, eine Instrumentalausbildung sowie das Fach Theater an.<!--more--><\/p>\n<p>Um jungen Menschen die M\u00f6glichkeit zu bieten, ihre musisch-k\u00fcnstlerischen F\u00e4higkeiten auszubauen und zu erweitern, wurde das musisches Stipendium geschaffen. Am Samstag, 7. Februar 2015 veranstaltet das Team des Lietz-Internats in der Zeit von 12.00 bis 17.00 Uhr einen kreativen Assessment-Tag, an dem interessierte Jungen und M\u00e4dchen ihre musischen und k\u00fcnstlerischen Begabungen unter Beweis stellen und bei erfolgreicher Teilnahme ein musisches Stipendium mit Internatsbesuch erwerben k\u00f6nnen.<\/p>\n<p>Die Veranstaltung richtet sich an Sch\u00fclerinnen und Sch\u00fcler der Klassenstufen 5 bis 10. Neben Interesse und Begabung sollten f\u00fcr die Klassen 5 bis 7 Praxiserfahrungen in den Bereichen Instrumental, Gesang oder Theater vorhanden sein. Die Jugendlichen der Klassen 8 bis 10 sollten \u00fcber mindestens vier bis f\u00fcnf Jahre qualifizierten Instrumental- Gesangsunterricht, \u00fcber Chorerfahrung oder Theaterauftritte verf\u00fcgen.<\/p>\n<p>W\u00e4hrend die musisch begabten Teilnehmer mit eigenen Instrumenten und nach Noten vorspielen, proben die \u201eTheater-Sch\u00fcler\u201c w\u00e4hrend des Assessment-Tags ein St\u00fcck und erarbeiten eine Pr\u00e4sentation. Noch am selben Nachmittag pr\u00e4sentieren sich die jungen Talente, im Anschluss werden die Stipendiaten ausgew\u00e4hlt. Wer sich am kreativen Assessment-Tag beteiligen m\u00f6chte, kann sich bis Dienstag, 3. Februar, formlos mit einigen pr\u00e4gnanten Aussagen zur musisch-kreativen Begabung bei Birgit G\u00f6bel unter <a href=\"mailto:birgit.goebel@hohenwehrda.de\">birgit.goebel@hohenwehrda.de<\/a> schriftlich bewerben.<\/p>\n<p>Weitere Infos unter: <a href=\"http:\/\/www.internat-hohenwehrda.de\">www.internat-hohenwehrda.de<\/a><\/p>\n<p>&nbsp;<\/p>\n","protected":false},"excerpt":{"rendered":"<div class=\"tmnf_excerpt\"><p>Haunetal. F\u00f6rderung f\u00fcr kreative K\u00f6pfe: Das Lietz-Internat Hohenwehrda vergibt regelm\u00e4\u00dfig attraktive musische Stipendien an Sch\u00fclerinnen und Sch\u00fcler. Das Team hat sich auf die kreative Ausbildung der Kinder und Jugendlichen spezialisiert und bietet eine Gesangs- und Chorausbildung, eine Instrumentalausbildung sowie das Fach Theater an.<\/p>\n<\/div>","protected":false},"author":1,"featured_media":0,"comment_status":"closed","ping_status":"closed","sticky":false,"template":"","format":"standard","meta":{"footnotes":""},"categories":[1,53],"tags":[],"class_list":["post-134001","post","type-post","status-publish","format-standard","hentry","category-startseite","category-bildung"],"_links":{"self":[{"href":"https:\/\/www.fuldaernachrichten.de\/index.php?rest_route=\/wp\/v2\/posts\/134001","targetHints":{"allow":["GET"]}}],"collection":[{"href":"https:\/\/www.fuldaernachrichten.de\/index.php?rest_route=\/wp\/v2\/posts"}],"about":[{"href":"https:\/\/www.fuldaernachrichten.de\/index.php?rest_route=\/wp\/v2\/types\/post"}],"author":[{"embeddable":true,"href":"https:\/\/www.fuldaernachrichten.de\/index.php?rest_route=\/wp\/v2\/users\/1"}],"replies":[{"embeddable":true,"href":"https:\/\/www.fuldaernachrichten.de\/index.php?rest_route=%2Fwp%2Fv2%2Fcomments&post=134001"}],"version-history":[{"count":1,"href":"https:\/\/www.fuldaernachrichten.de\/index.php?rest_route=\/wp\/v2\/posts\/134001\/revisions"}],"predecessor-version":[{"id":134003,"href":"https:\/\/www.fuldaernachrichten.de\/index.php?rest_route=\/wp\/v2\/posts\/134001\/revisions\/134003"}],"wp:attachment":[{"href":"https:\/\/www.fuldaernachrichten.de\/index.php?rest_route=%2Fwp%2Fv2%2Fmedia&parent=134001"}],"wp:term":[{"taxonomy":"category","embeddable":true,"href":"https:\/\/www.fuldaernachrichten.de\/index.php?rest_route=%2Fwp%2Fv2%2Fcategories&post=134001"},{"taxonomy":"post_tag","embeddable":true,"href":"https:\/\/www.fuldaernachrichten.de\/index.php?rest_route=%2Fwp%2Fv2%2Ftags&post=134001"}],"curies":[{"name":"wp","href":"https:\/\/api.w.org\/{rel}","templated":true}]}}