{"id":133997,"date":"2015-01-20T00:12:51","date_gmt":"2015-01-19T23:12:51","guid":{"rendered":"http:\/\/www.fuldaer-nachrichten.de\/?p=133997"},"modified":"2015-01-19T21:24:37","modified_gmt":"2015-01-19T20:24:37","slug":"neue-unterrichtsangebote-starten-ab-maerz","status":"publish","type":"post","link":"https:\/\/www.fuldaernachrichten.de\/?p=133997","title":{"rendered":"Neue Unterrichtsangebote starten ab M\u00e4rz"},"content":{"rendered":"<p>Fulda. Wer sich f\u00fcr Unterricht an der Musikschule der Stadt Fulda interessiert, kann sich ab sofort f\u00fcr das demn\u00e4chst beginnende Schulhalbjahr anmelden. Schon ab 33 Euro monatlich werden folgende Instrumente angeboten: Akkordeon, Blockfl\u00f6te, Querfl\u00f6te, Oboe, Fagott, Gesang (alle Stilrichtungen), E-Bass (Rock\/Pop\/Jazz), Kontrabass, Harfe und nat\u00fcrlich Dauerbrenner wie Gitarre, Klavier, Klarinette, Trompete und viele mehr. Die Musikschule bietet auf allen Leistungsstufen eine F\u00fclle von Auftrittsm\u00f6glichkeiten. Auskunft (auch \u00fcber Familien- und Sozialerm\u00e4\u00dfigungen) erteilt das Sekretariat der Musikschule unter 0661\/102-1412. Unter www.musik-fulda.de findet man ebenfalls n\u00e4here Informationen.<\/p>\n","protected":false},"excerpt":{"rendered":"<div class=\"tmnf_excerpt\"><p>Fulda. Wer sich f\u00fcr Unterricht an der Musikschule der Stadt Fulda interessiert, kann sich ab sofort f\u00fcr das demn\u00e4chst beginnende Schulhalbjahr anmelden. Schon ab 33 Euro monatlich werden folgende Instrumente angeboten: Akkordeon, Blockfl\u00f6te, Querfl\u00f6te, Oboe, Fagott, Gesang (alle Stilrichtungen), E-Bass (Rock\/Pop\/Jazz), Kontrabass, Harfe und nat\u00fcrlich Dauerbrenner wie Gitarre, Klavier, Klarinette, Trompete und viele mehr. Die &hellip;<\/p>\n<\/div>","protected":false},"author":1,"featured_media":0,"comment_status":"closed","ping_status":"closed","sticky":false,"template":"","format":"standard","meta":{"footnotes":""},"categories":[1,53],"tags":[],"class_list":["post-133997","post","type-post","status-publish","format-standard","hentry","category-startseite","category-bildung"],"_links":{"self":[{"href":"https:\/\/www.fuldaernachrichten.de\/index.php?rest_route=\/wp\/v2\/posts\/133997","targetHints":{"allow":["GET"]}}],"collection":[{"href":"https:\/\/www.fuldaernachrichten.de\/index.php?rest_route=\/wp\/v2\/posts"}],"about":[{"href":"https:\/\/www.fuldaernachrichten.de\/index.php?rest_route=\/wp\/v2\/types\/post"}],"author":[{"embeddable":true,"href":"https:\/\/www.fuldaernachrichten.de\/index.php?rest_route=\/wp\/v2\/users\/1"}],"replies":[{"embeddable":true,"href":"https:\/\/www.fuldaernachrichten.de\/index.php?rest_route=%2Fwp%2Fv2%2Fcomments&post=133997"}],"version-history":[{"count":1,"href":"https:\/\/www.fuldaernachrichten.de\/index.php?rest_route=\/wp\/v2\/posts\/133997\/revisions"}],"predecessor-version":[{"id":133998,"href":"https:\/\/www.fuldaernachrichten.de\/index.php?rest_route=\/wp\/v2\/posts\/133997\/revisions\/133998"}],"wp:attachment":[{"href":"https:\/\/www.fuldaernachrichten.de\/index.php?rest_route=%2Fwp%2Fv2%2Fmedia&parent=133997"}],"wp:term":[{"taxonomy":"category","embeddable":true,"href":"https:\/\/www.fuldaernachrichten.de\/index.php?rest_route=%2Fwp%2Fv2%2Fcategories&post=133997"},{"taxonomy":"post_tag","embeddable":true,"href":"https:\/\/www.fuldaernachrichten.de\/index.php?rest_route=%2Fwp%2Fv2%2Ftags&post=133997"}],"curies":[{"name":"wp","href":"https:\/\/api.w.org\/{rel}","templated":true}]}}