{"id":133995,"date":"2015-01-20T00:12:51","date_gmt":"2015-01-19T23:12:51","guid":{"rendered":"http:\/\/www.fuldaer-nachrichten.de\/?p=133995"},"modified":"2015-01-19T21:23:36","modified_gmt":"2015-01-19T20:23:36","slug":"projektkonzert-klavier-plus-musikschule-der-stadt-fulda","status":"publish","type":"post","link":"https:\/\/www.fuldaernachrichten.de\/?p=133995","title":{"rendered":"Projektkonzert \u201eKlavier Plus\u201c &#8211; Musikschule der Stadt Fulda"},"content":{"rendered":"<p>Fulda. Das Klavier hat als eines von nur wenigen Instrumenten die M\u00f6glichkeit, aus einem reichen Repertoire fast unbegrenzter M\u00f6glichkeiten zu sch\u00f6pfen. Dabei kennt man es sowohl als Soloinstrument, wie auch als perfektes Begleitinstrument, weil neben auskomponierten Begleitstimmen sogar ganze Orchesterparts darstellen kann.<!--more--><\/p>\n<p>Dem Klavier als Begleitinstrument widmet die Musikschule der Stadt Fulda, genauer gesagt die Klavierklasse Maja Zirkunow nun ein ganzes Konzert mit dem Titel \u201eKlavier Plus\u201c. Als Partner der Tasten werden Gesang, Violine, Violoncello und Querfl\u00f6te zu h\u00f6ren sein. Dass der Spielpartner auch ein oder zwei Pianisten sein k\u00f6nnen, wird man bei vier- und sechsh\u00e4ndigen Klavierst\u00fccken erleben.<\/p>\n<p>Das Konzert findet am Samstag, den 24. Januar, um 18.00 Uhr in der Aula der Alten Universit\u00e4t statt. Der Eintritt ist frei, der F\u00f6rderverein der Musikschule freut sich \u00fcber eine Spende.<\/p>\n","protected":false},"excerpt":{"rendered":"<div class=\"tmnf_excerpt\"><p>Fulda. Das Klavier hat als eines von nur wenigen Instrumenten die M\u00f6glichkeit, aus einem reichen Repertoire fast unbegrenzter M\u00f6glichkeiten zu sch\u00f6pfen. Dabei kennt man es sowohl als Soloinstrument, wie auch als perfektes Begleitinstrument, weil neben auskomponierten Begleitstimmen sogar ganze Orchesterparts darstellen kann.<\/p>\n<\/div>","protected":false},"author":1,"featured_media":0,"comment_status":"closed","ping_status":"closed","sticky":false,"template":"","format":"standard","meta":{"footnotes":""},"categories":[1,44],"tags":[],"class_list":["post-133995","post","type-post","status-publish","format-standard","hentry","category-startseite","category-kultur"],"_links":{"self":[{"href":"https:\/\/www.fuldaernachrichten.de\/index.php?rest_route=\/wp\/v2\/posts\/133995","targetHints":{"allow":["GET"]}}],"collection":[{"href":"https:\/\/www.fuldaernachrichten.de\/index.php?rest_route=\/wp\/v2\/posts"}],"about":[{"href":"https:\/\/www.fuldaernachrichten.de\/index.php?rest_route=\/wp\/v2\/types\/post"}],"author":[{"embeddable":true,"href":"https:\/\/www.fuldaernachrichten.de\/index.php?rest_route=\/wp\/v2\/users\/1"}],"replies":[{"embeddable":true,"href":"https:\/\/www.fuldaernachrichten.de\/index.php?rest_route=%2Fwp%2Fv2%2Fcomments&post=133995"}],"version-history":[{"count":1,"href":"https:\/\/www.fuldaernachrichten.de\/index.php?rest_route=\/wp\/v2\/posts\/133995\/revisions"}],"predecessor-version":[{"id":133996,"href":"https:\/\/www.fuldaernachrichten.de\/index.php?rest_route=\/wp\/v2\/posts\/133995\/revisions\/133996"}],"wp:attachment":[{"href":"https:\/\/www.fuldaernachrichten.de\/index.php?rest_route=%2Fwp%2Fv2%2Fmedia&parent=133995"}],"wp:term":[{"taxonomy":"category","embeddable":true,"href":"https:\/\/www.fuldaernachrichten.de\/index.php?rest_route=%2Fwp%2Fv2%2Fcategories&post=133995"},{"taxonomy":"post_tag","embeddable":true,"href":"https:\/\/www.fuldaernachrichten.de\/index.php?rest_route=%2Fwp%2Fv2%2Ftags&post=133995"}],"curies":[{"name":"wp","href":"https:\/\/api.w.org\/{rel}","templated":true}]}}