{"id":133991,"date":"2015-01-20T00:12:18","date_gmt":"2015-01-19T23:12:18","guid":{"rendered":"http:\/\/www.fuldaer-nachrichten.de\/?p=133991"},"modified":"2015-01-19T21:21:25","modified_gmt":"2015-01-19T20:21:25","slug":"kab-jahresauftakt-impuls-2015-zukunft-statt-zocken","status":"publish","type":"post","link":"https:\/\/www.fuldaernachrichten.de\/?p=133991","title":{"rendered":"KAB Jahresauftakt IMPULS 2015 \u201eZukunft statt Zocken\u201c"},"content":{"rendered":"<p>Fulda. Zum traditionellen Jahresauftakt der Katholischen Arbeitnehmer-Bewegung (KAB) Di\u00f6zesanverband Fulda greift der Sozialverband das Thema \u201eZukunft statt Zocken \u2013 Menschliche Arbeit ist mehr als Kosten- und Produktionsfaktor\u201c auf. Referent zu dem Thema ist der Wirtschaftspublizist und Chefredakteur von Publik Forum, Dr. Wolfgang Kessler.<!--more--><\/p>\n<p>Mit dem Thema greift die KAB Fulda das bundesweite Jahresthema der KAB Deutschlands \u201egut wirtschaften\u201c auf. Viele Menschen sp\u00fcren, dass es so nicht weitergehen kann, doch sie sprechen es oft nicht aus. Auf den Finanzm\u00e4rkten wird \u201egezockt\u201c wie eh und je, Wachstum l\u00f6st die Probleme allein nicht, endliche Rohstoffe werden knapper, die Kluft zwischen Arm und Reich w\u00e4chst. Der Zusammenhalt der Gesellschaft ist bedroht. In dieser Lage sind Alternativen gefragt, die unsere Wirtschaft mit ethischen Prinzipien verbinden.<\/p>\n<p>Der Referent zeigt neue Wege zu einem anderen Wirtschafts- und Lebensstil auf, eine nachhaltige Wirtschaftspolitik, ein neuer Umgang mit Geld, neue Ans\u00e4tze sozialer Gerechtigkeit, ein \u00d6kobonus f\u00fcr ein zukunftsf\u00e4higes Wirtschaften und viele pers\u00f6nliche M\u00f6glichkeiten, um die Wirtschaft nach den eigenen Idealen zu steuern.<\/p>\n<p>Die f\u00fcr alle Interessierte offene Veranstaltung \u201eIMPULS 2015\u201c am Samstag, dem 24. Januar 2015 beginnt um 09:00 Uhr mit einer heiligen Messe in der Pfarrkirche Maria-Hilf, K\u00fcnzell-Bachrain. Nach einem Stehempfang schlie\u00dft sich um 10:45 Uhr das Referat im Franz-von-Sales-Haus (neben der Kirche)\u00c2\u00a0 an. N\u00e4here Informationen \u00fcber Telefon 0661-73433. (Michael Schmitt)<\/p>\n","protected":false},"excerpt":{"rendered":"<div class=\"tmnf_excerpt\"><p>Fulda. Zum traditionellen Jahresauftakt der Katholischen Arbeitnehmer-Bewegung (KAB) Di\u00f6zesanverband Fulda greift der Sozialverband das Thema \u201eZukunft statt Zocken \u2013 Menschliche Arbeit ist mehr als Kosten- und Produktionsfaktor\u201c auf. Referent zu dem Thema ist der Wirtschaftspublizist und Chefredakteur von Publik Forum, Dr. Wolfgang Kessler.<\/p>\n<\/div>","protected":false},"author":1,"featured_media":0,"comment_status":"closed","ping_status":"closed","sticky":false,"template":"","format":"standard","meta":{"footnotes":""},"categories":[1,50],"tags":[],"class_list":["post-133991","post","type-post","status-publish","format-standard","hentry","category-startseite","category-kirche"],"_links":{"self":[{"href":"https:\/\/www.fuldaernachrichten.de\/index.php?rest_route=\/wp\/v2\/posts\/133991","targetHints":{"allow":["GET"]}}],"collection":[{"href":"https:\/\/www.fuldaernachrichten.de\/index.php?rest_route=\/wp\/v2\/posts"}],"about":[{"href":"https:\/\/www.fuldaernachrichten.de\/index.php?rest_route=\/wp\/v2\/types\/post"}],"author":[{"embeddable":true,"href":"https:\/\/www.fuldaernachrichten.de\/index.php?rest_route=\/wp\/v2\/users\/1"}],"replies":[{"embeddable":true,"href":"https:\/\/www.fuldaernachrichten.de\/index.php?rest_route=%2Fwp%2Fv2%2Fcomments&post=133991"}],"version-history":[{"count":1,"href":"https:\/\/www.fuldaernachrichten.de\/index.php?rest_route=\/wp\/v2\/posts\/133991\/revisions"}],"predecessor-version":[{"id":133992,"href":"https:\/\/www.fuldaernachrichten.de\/index.php?rest_route=\/wp\/v2\/posts\/133991\/revisions\/133992"}],"wp:attachment":[{"href":"https:\/\/www.fuldaernachrichten.de\/index.php?rest_route=%2Fwp%2Fv2%2Fmedia&parent=133991"}],"wp:term":[{"taxonomy":"category","embeddable":true,"href":"https:\/\/www.fuldaernachrichten.de\/index.php?rest_route=%2Fwp%2Fv2%2Fcategories&post=133991"},{"taxonomy":"post_tag","embeddable":true,"href":"https:\/\/www.fuldaernachrichten.de\/index.php?rest_route=%2Fwp%2Fv2%2Ftags&post=133991"}],"curies":[{"name":"wp","href":"https:\/\/api.w.org\/{rel}","templated":true}]}}