{"id":133988,"date":"2015-01-20T00:10:10","date_gmt":"2015-01-19T23:10:10","guid":{"rendered":"http:\/\/www.fuldaer-nachrichten.de\/?p=133988"},"modified":"2015-01-19T21:20:03","modified_gmt":"2015-01-19T20:20:03","slug":"guntram-ziepel-aus-fulda-bi-bundesvorsitzender","status":"publish","type":"post","link":"https:\/\/www.fuldaernachrichten.de\/?p=133988","title":{"rendered":"Guntram Ziepel aus Fulda BI-Bundesvorsitzender"},"content":{"rendered":"<p><img fetchpriority=\"high\" decoding=\"async\" class=\"alignleft size-thumbnail wp-image-133989\" src=\"http:\/\/www.fuldaer-nachrichten.de\/wp-content\/uploads\/2015\/01\/PICT0008-265x199.jpg\" alt=\"PICT0008\" width=\"265\" height=\"199\" srcset=\"https:\/\/www.fuldaernachrichten.de\/wp-content\/uploads\/2015\/01\/PICT0008-265x199.jpg 265w, https:\/\/www.fuldaernachrichten.de\/wp-content\/uploads\/2015\/01\/PICT0008.jpg 600w\" sizes=\"(max-width: 265px) 100vw, 265px\" \/>Bad Emstal. Am Samstag, 17. Januar 2015 fand in Bad Emstal eine bundesweite Versammlung aller B\u00fcrgerinitiativen gegen SuedLink statt. Mit der Wahl von Guntram Ziepel aus Fulda (K\u00e4mmerzell) zum ersten Vorsitzenden erh\u00e4lt der \u201eBundesverband der B\u00fcrgerinitiativen gegen SuedLink\u201c ein Gesicht. Ziepels erste Aufgaben werden sein, thematisch inhaltlich zu arbeiten sowie Strukturen des Verbandes aufzubauen und arbeitsf\u00e4hig zu machen. Ziepel ist Mitbegr\u00fcnder der BIFuldatal e.V. und deren stv. Vorsitzender.<\/p>\n","protected":false},"excerpt":{"rendered":"<div class=\"tmnf_excerpt\"><p>Bad Emstal. Am Samstag, 17. Januar 2015 fand in Bad Emstal eine bundesweite Versammlung aller B\u00fcrgerinitiativen gegen SuedLink statt. Mit der Wahl von Guntram Ziepel aus Fulda (K\u00e4mmerzell) zum ersten Vorsitzenden erh\u00e4lt der \u201eBundesverband der B\u00fcrgerinitiativen gegen SuedLink\u201c ein Gesicht. Ziepels erste Aufgaben werden sein, thematisch inhaltlich zu arbeiten sowie Strukturen des Verbandes aufzubauen und &hellip;<\/p>\n<\/div>","protected":false},"author":1,"featured_media":0,"comment_status":"closed","ping_status":"closed","sticky":false,"template":"","format":"standard","meta":{"footnotes":""},"categories":[1,35],"tags":[],"class_list":["post-133988","post","type-post","status-publish","format-standard","hentry","category-startseite","category-auto"],"_links":{"self":[{"href":"https:\/\/www.fuldaernachrichten.de\/index.php?rest_route=\/wp\/v2\/posts\/133988","targetHints":{"allow":["GET"]}}],"collection":[{"href":"https:\/\/www.fuldaernachrichten.de\/index.php?rest_route=\/wp\/v2\/posts"}],"about":[{"href":"https:\/\/www.fuldaernachrichten.de\/index.php?rest_route=\/wp\/v2\/types\/post"}],"author":[{"embeddable":true,"href":"https:\/\/www.fuldaernachrichten.de\/index.php?rest_route=\/wp\/v2\/users\/1"}],"replies":[{"embeddable":true,"href":"https:\/\/www.fuldaernachrichten.de\/index.php?rest_route=%2Fwp%2Fv2%2Fcomments&post=133988"}],"version-history":[{"count":1,"href":"https:\/\/www.fuldaernachrichten.de\/index.php?rest_route=\/wp\/v2\/posts\/133988\/revisions"}],"predecessor-version":[{"id":133990,"href":"https:\/\/www.fuldaernachrichten.de\/index.php?rest_route=\/wp\/v2\/posts\/133988\/revisions\/133990"}],"wp:attachment":[{"href":"https:\/\/www.fuldaernachrichten.de\/index.php?rest_route=%2Fwp%2Fv2%2Fmedia&parent=133988"}],"wp:term":[{"taxonomy":"category","embeddable":true,"href":"https:\/\/www.fuldaernachrichten.de\/index.php?rest_route=%2Fwp%2Fv2%2Fcategories&post=133988"},{"taxonomy":"post_tag","embeddable":true,"href":"https:\/\/www.fuldaernachrichten.de\/index.php?rest_route=%2Fwp%2Fv2%2Ftags&post=133988"}],"curies":[{"name":"wp","href":"https:\/\/api.w.org\/{rel}","templated":true}]}}