{"id":133975,"date":"2015-01-19T09:53:48","date_gmt":"2015-01-19T08:53:48","guid":{"rendered":"http:\/\/www.fuldaer-nachrichten.de\/?p=133975"},"modified":"2015-01-19T10:42:08","modified_gmt":"2015-01-19T09:42:08","slug":"eine-grosse-seelsorgerin-geht-verabschiedung-von-pfarrerin-panhoff-nach-gut-38-jahren-traetzhof","status":"publish","type":"post","link":"https:\/\/www.fuldaernachrichten.de\/?p=133975","title":{"rendered":"Eine gro\u00dfe Seelsorgerin geht &#8211; Verabschiedung von Pfarrerin Panhoff nach gut 38 Jahren Tr\u00e4tzhof"},"content":{"rendered":"<p><img decoding=\"async\" class=\"alignleft size-thumbnail wp-image-133976\" src=\"http:\/\/www.fuldaer-nachrichten.de\/wp-content\/uploads\/2015\/01\/2_Abschied-an-der-Kirchent\u00fcr-265x177.jpg\" alt=\"2_Abschied an der Kirchent\u00fcr\" width=\"265\" height=\"177\" \/>Fulda. Gut 38 Jahre war Sonja Panhoff Pfarrerin am Tr\u00e4tzhof. Ihre gesamte\u00c2\u00a0 Amtszeit. In einem Kombinationspfarramt von Gemeinde- und Klinikpfarrstelle. Wen wundert es, dass bei ihrer Verabschiedung beinahe ganz Fulda zur Matth\u00e4uskirche an den Tr\u00e4tzhof kamen: Gemeinde, viele Kolleginnen und Kollegen aus der Pfarrerschaft, Propst Bernd B\u00f6ttner aus Hanau, der katholische Kollege Pfarrer Markus Schneider und viele Menschen, denen sie in den Jahrzehnten ihres Dienstes nahe war.<!--more--><\/p>\n<p>Zwar zitierte Panhoff Martin Luther, dass es ja in der Kirche nicht um sie selbst oder die Pfarrerinnen und Pfarrer gehe, sondern um den, den sie verk\u00fcndige, Jesus Christus. Doch sp\u00fcrte jeder im Gottesdienst: Mit Sonja Panhoff geht eine besondere Pfarrerin in den Ruhestand. Dankbar blickte Panhoff auf 38 Jahre zur\u00fcck: \u201eEs gab so viele wundersch\u00f6ne Augenblicke f\u00fcr die ich sehr dankbar bin.\u201c<\/p>\n<p>Die Gemeinde sei selbst schuld, dass sie so lange am Tr\u00e4tzhof geblieben sei, denn \u201eSie waren so gut zu mir. Sie wurden zu einer Heimat f\u00fcr mich\u201c, blickte Panhoff sichtlich bewegt ihre Tr\u00e4tzhofgemeinde an. Musikalisch wurde der Gottesdienst u.a. vom Posaunenchor der Evangelischen Kirche in Fulda und von den M\u00e4nnergesangvereinen aus Tr\u00e4tzhof, Fulda-West und Neuenberg gestaltet.<\/p>\n<p><img decoding=\"async\" class=\"alignleft size-thumbnail wp-image-133977\" src=\"http:\/\/www.fuldaer-nachrichten.de\/wp-content\/uploads\/2015\/01\/6_Kaffeetrinken-265x177.jpg\" alt=\"6_Kaffeetrinken\" width=\"265\" height=\"177\" srcset=\"https:\/\/www.fuldaernachrichten.de\/wp-content\/uploads\/2015\/01\/6_Kaffeetrinken-265x177.jpg 265w, https:\/\/www.fuldaernachrichten.de\/wp-content\/uploads\/2015\/01\/6_Kaffeetrinken.jpg 600w\" sizes=\"(max-width: 265px) 100vw, 265px\" \/>In den pers\u00f6nlichen Abschiedsworten des Dekans betonte dieser, wie ihn selbst der Abschied bewege und welch wichtige Rolle Pfarrerin Panhoff im Verbund der Pfarrerschaft und f\u00fcr Fulda hatte. Von dieser Verantwortung werde sie mit dem Jahr 2015 nun entbunden, befreit. \u201eSie sind f\u00fcr mich eine Seelsorgerin par excellence!\u201c lobte Dekan Bengt Seeberg ihre warmherzige Art und die gro\u00dfe Vertrautheit mit den Menschen in den letzten fast vier Jahrzehnten. Ein Engel der Freiheit schenkte er ihr zum Abschied: \u201eFreiheit von Pflicht. Frei f\u00fcr Neues! Loslassen.\u201c Das gilt wohl f\u00fcr die Pfarrerin genauso wie f\u00fcr die Kirchengemeinde.<\/p>\n<p>Die 65-j\u00e4hrige Sonja Panhoff wurde in 1976 durch Bischof Dr. Vellmar in Marburg ordiniert. Fast 39 Jahre war sie dann Pfarrerin der Tr\u00e4tzhofgemeinde in pfarramtlicher Verbindung mit der Seelsorge im Klinikum Fulda. Dort wird sie am kommenden Mittwoch noch in einem Gottesdienst verabschiedet.<\/p>\n<p>Mit Panhoffs Ruhestand bleibt die Tr\u00e4tzhofgemeinde zun\u00e4chst eine eigenst\u00e4ndige Gemeinde mit eigenem Kirchenvorstand. Sie wird ab sofort durch Pfarrerin Heike Dietrich von der Vers\u00f6hnungskirchengemeinde betreut. Beide Gemeinden gehen eine pfarramtliche Verbindung ein, so dass Gottesdienste, Amtshandlungen, Konfirmandenunterricht und Seelsorge weiter gew\u00e4hrleistet sind, berichtet Pressebeauftragte Pfarrer Stefan B\u00fcrger \u00fcber die Ergebnisse des Abstimmungsprozesses zwischen Kirchenleitung und betroffenen Kirchengemeinden aus dem vergangenen Jahr.<\/p>\n<p>An den Gottesdienst schloss sich noch ein gemeinsames Kaffeetrinken im Gemeindesaal an. Hier sprachen u.a. Oberb\u00fcrgermeister Gerhard M\u00f6ller und der Vorsitzende der Evangelischen Kirche in Fulda, Pfarrerin Fried Wilhelm Kohl, noch ihren Dank aus.<br \/>\nZwar hatte Panhoff in ihrer Predigt betont, dass ihre Verabschiedung eine Feier und kein Trauergottesdienst seien, doch merkte man vielen Menschen an, wie sehr der Weggang Panhoffs, der Seelsorgerin par excellence, sie bewegte.<\/p>\n","protected":false},"excerpt":{"rendered":"<div class=\"tmnf_excerpt\"><p>Fulda. Gut 38 Jahre war Sonja Panhoff Pfarrerin am Tr\u00e4tzhof. Ihre gesamte\u00c2\u00a0 Amtszeit. In einem Kombinationspfarramt von Gemeinde- und Klinikpfarrstelle. Wen wundert es, dass bei ihrer Verabschiedung beinahe ganz Fulda zur Matth\u00e4uskirche an den Tr\u00e4tzhof kamen: Gemeinde, viele Kolleginnen und Kollegen aus der Pfarrerschaft, Propst Bernd B\u00f6ttner aus Hanau, der katholische Kollege Pfarrer Markus Schneider &hellip;<\/p>\n<\/div>","protected":false},"author":1,"featured_media":0,"comment_status":"closed","ping_status":"closed","sticky":false,"template":"","format":"standard","meta":{"footnotes":""},"categories":[1,50],"tags":[],"class_list":["post-133975","post","type-post","status-publish","format-standard","hentry","category-startseite","category-kirche"],"_links":{"self":[{"href":"https:\/\/www.fuldaernachrichten.de\/index.php?rest_route=\/wp\/v2\/posts\/133975","targetHints":{"allow":["GET"]}}],"collection":[{"href":"https:\/\/www.fuldaernachrichten.de\/index.php?rest_route=\/wp\/v2\/posts"}],"about":[{"href":"https:\/\/www.fuldaernachrichten.de\/index.php?rest_route=\/wp\/v2\/types\/post"}],"author":[{"embeddable":true,"href":"https:\/\/www.fuldaernachrichten.de\/index.php?rest_route=\/wp\/v2\/users\/1"}],"replies":[{"embeddable":true,"href":"https:\/\/www.fuldaernachrichten.de\/index.php?rest_route=%2Fwp%2Fv2%2Fcomments&post=133975"}],"version-history":[{"count":2,"href":"https:\/\/www.fuldaernachrichten.de\/index.php?rest_route=\/wp\/v2\/posts\/133975\/revisions"}],"predecessor-version":[{"id":133985,"href":"https:\/\/www.fuldaernachrichten.de\/index.php?rest_route=\/wp\/v2\/posts\/133975\/revisions\/133985"}],"wp:attachment":[{"href":"https:\/\/www.fuldaernachrichten.de\/index.php?rest_route=%2Fwp%2Fv2%2Fmedia&parent=133975"}],"wp:term":[{"taxonomy":"category","embeddable":true,"href":"https:\/\/www.fuldaernachrichten.de\/index.php?rest_route=%2Fwp%2Fv2%2Fcategories&post=133975"},{"taxonomy":"post_tag","embeddable":true,"href":"https:\/\/www.fuldaernachrichten.de\/index.php?rest_route=%2Fwp%2Fv2%2Ftags&post=133975"}],"curies":[{"name":"wp","href":"https:\/\/api.w.org\/{rel}","templated":true}]}}