{"id":133963,"date":"2015-01-19T09:24:06","date_gmt":"2015-01-19T08:24:06","guid":{"rendered":"http:\/\/www.fuldaer-nachrichten.de\/?p=133963"},"modified":"2015-01-19T09:24:06","modified_gmt":"2015-01-19T08:24:06","slug":"rhetorik-und-kommunikationstraining","status":"publish","type":"post","link":"https:\/\/www.fuldaernachrichten.de\/?p=133963","title":{"rendered":"Rhetorik- und Kommunikationstraining"},"content":{"rendered":"<p>Fulda. Das Jugendbildungswerk des Landkreises Fulda bietet am Freitag, 30. Januar, von 17 Uhr bis 20 Uhr sowie am Samstag, 31. Januar, von 9 Uhr bis 16 Uhr ein Rhetorik- und Kommunikationstraining f\u00fcr Jugendliche von 15 bis 19 Jahren im Georg-Stieler-Haus in Fulda an. Die Teilnahmegeb\u00fchr betr\u00e4gt 19 Euro. Weitere Infos und Anmeldung unter Telefon (0661)6006-498 bzw. -427 oder E-Mail <a href=\"mailto:jugend@landkreis-fulda.de\">jugend@landkreis-fulda.de<\/a>.<\/p>\n","protected":false},"excerpt":{"rendered":"<div class=\"tmnf_excerpt\"><p>Fulda. Das Jugendbildungswerk des Landkreises Fulda bietet am Freitag, 30. Januar, von 17 Uhr bis 20 Uhr sowie am Samstag, 31. Januar, von 9 Uhr bis 16 Uhr ein Rhetorik- und Kommunikationstraining f\u00fcr Jugendliche von 15 bis 19 Jahren im Georg-Stieler-Haus in Fulda an. Die Teilnahmegeb\u00fchr betr\u00e4gt 19 Euro. Weitere Infos und Anmeldung unter Telefon &hellip;<\/p>\n<\/div>","protected":false},"author":1,"featured_media":0,"comment_status":"closed","ping_status":"closed","sticky":false,"template":"","format":"standard","meta":{"footnotes":""},"categories":[1,53],"tags":[],"class_list":["post-133963","post","type-post","status-publish","format-standard","hentry","category-startseite","category-bildung"],"_links":{"self":[{"href":"https:\/\/www.fuldaernachrichten.de\/index.php?rest_route=\/wp\/v2\/posts\/133963","targetHints":{"allow":["GET"]}}],"collection":[{"href":"https:\/\/www.fuldaernachrichten.de\/index.php?rest_route=\/wp\/v2\/posts"}],"about":[{"href":"https:\/\/www.fuldaernachrichten.de\/index.php?rest_route=\/wp\/v2\/types\/post"}],"author":[{"embeddable":true,"href":"https:\/\/www.fuldaernachrichten.de\/index.php?rest_route=\/wp\/v2\/users\/1"}],"replies":[{"embeddable":true,"href":"https:\/\/www.fuldaernachrichten.de\/index.php?rest_route=%2Fwp%2Fv2%2Fcomments&post=133963"}],"version-history":[{"count":1,"href":"https:\/\/www.fuldaernachrichten.de\/index.php?rest_route=\/wp\/v2\/posts\/133963\/revisions"}],"predecessor-version":[{"id":133964,"href":"https:\/\/www.fuldaernachrichten.de\/index.php?rest_route=\/wp\/v2\/posts\/133963\/revisions\/133964"}],"wp:attachment":[{"href":"https:\/\/www.fuldaernachrichten.de\/index.php?rest_route=%2Fwp%2Fv2%2Fmedia&parent=133963"}],"wp:term":[{"taxonomy":"category","embeddable":true,"href":"https:\/\/www.fuldaernachrichten.de\/index.php?rest_route=%2Fwp%2Fv2%2Fcategories&post=133963"},{"taxonomy":"post_tag","embeddable":true,"href":"https:\/\/www.fuldaernachrichten.de\/index.php?rest_route=%2Fwp%2Fv2%2Ftags&post=133963"}],"curies":[{"name":"wp","href":"https:\/\/api.w.org\/{rel}","templated":true}]}}