{"id":133956,"date":"2015-01-19T00:09:06","date_gmt":"2015-01-18T23:09:06","guid":{"rendered":"http:\/\/www.fuldaer-nachrichten.de\/?p=133956"},"modified":"2015-01-19T08:55:16","modified_gmt":"2015-01-19T07:55:16","slug":"positive-4-jahres-bilanz-der-zulassungsstelle-22-prozent-mehr-kunden-durchschnittliche-wartezeit-bei-vier-minuten","status":"publish","type":"post","link":"https:\/\/www.fuldaernachrichten.de\/?p=133956","title":{"rendered":"Positive 4-Jahres-Bilanz der Zulassungsstelle \/ 22 Prozent mehr Kunden, durchschnittliche Wartezeit bei vier Minuten"},"content":{"rendered":"<p><img fetchpriority=\"high\" decoding=\"async\" class=\"alignnone size-full wp-image-133957\" src=\"http:\/\/www.fuldaer-nachrichten.de\/wp-content\/uploads\/2015\/01\/Zulassungsstelle.jpg\" alt=\"Zulassungsstelle\" width=\"560\" height=\"359\" \/><br \/>\nFulda. Mehr zugelassene Fahrzeuge, weniger Neuzulassungen, mehr F\u00fchrerscheinneulinge, ein deutlich gestiegenes Kundenaufkommen und eine konstant niedrige Wartezeit von durchschnittlich vier Minuten \u2013 so sieht die Bilanz der Stra\u00dfenverkehrsbeh\u00f6rde des Landkreises Fulda vier Jahre nach dem Umzug von der Buttlarstra\u00dfe an den Standort Kreuzbergstra\u00dfe aus.<\/p>\n<p><strong>Foto:<\/strong> Marzena Traber<\/p>\n<p><!--more--><\/p>\n<p>W\u00e4hrend die Zahl der zugelassenen Fahrzeuge im Landkreis Fulda von 180.988 im Jahr 2011 auf 189.322 im Jahr 2014 gestiegen ist, ging die Zahl der Neuzulassungen von 10.290 auf 9.460 zur\u00fcck. Die Zahl der F\u00fchrerscheinneulinge ist ebenso gestiegen wie die Gesamtzahl der Fahrerlaubnisinhaber. Von 212.476 F\u00fchrerscheininhabern hatten im Jahr 2011 exakt 4.035 Personen erstmalig den F\u00fchrerschein erhalten. Im Jahr 2014 lag die Gesamtzahl der Fahrerlaubnisinhaber bei 220.238 Personen, die Zahl der F\u00fchrerscheinneulinge bei 4.207. Eine deutliche Steigerung verzeichnet die Stra\u00dfenverkehrsbeh\u00f6rde beim Kundenaufkommen, das im Jahr der Neuer\u00f6ffnung 46.937 und vier Jahre sp\u00e4ter 57.108 Personen betrug. Dies entspricht einer Steigerung um knapp 22 Prozent. Die durchschnittliche Wartezeit lag in 2011 bei f\u00fcnf und in 2014 bei vier Minuten.<\/p>\n<p>Rund 3,3 Millionen Euro hat der Neubau des neuen Dienstleistungszentrums, das am 18. Januar 2011f\u00fcr den Publikumsverkehr ge\u00f6ffnet wurde, gekostet. \u201eDurch den Neubau konnten die Strukturen und Arbeitsabl\u00e4ufe innerhalb der Stra\u00dfenverkehrsbeh\u00f6rde deutlich verbessert werden. So ist auch in diesem Bereich mehr Kundenorientierung innerhalb der Kreisverwaltung erreicht geworden\u201c, betont Vize-Landrat Dr. Heiko Wingenfeld. Die verkehrsg\u00fcnstige Anbindung an die Bundesstra\u00dfe B27 sowie die unmittelbare Nachbarschaft zum T\u00dcV-Servicecenter seien klare Standortvorteile. Zudem habe die Verlegung der Zulassungsstelle nach Ansicht von Dr. Wingenfeld zu einer Aufwertung des Gewerbestandorts an der Kreuzbergstra\u00dfe gef\u00fchrt und gleichzeitig die Weiterentwicklung des Areals an der Buttlarstra\u00dfe zu einem Gesundheitszentrum m\u00f6glich gemacht.<\/p>\n<p>\u201eDem Servicegedanken wurde vor allem bei den erweiterten und am Kundenbedarf ausgerichteten \u00d6ffnungszeiten Rechnung getragen\u201c, betont der Vize-Landrat. So \u00f6ffnet die Stra\u00dfenverkehrsbeh\u00f6rde unter der Woche morgens um 7 Uhr, damit Zulassungs- und F\u00fchrerscheinangelegenheiten vor der Arbeit erledigt werden k\u00f6nnen. Au\u00dferhalb der regul\u00e4ren \u00d6ffnungszeiten (montags bis freitags 7 bis 13 Uhr) besteht f\u00fcr Privatkunden die M\u00f6glichkeit, Termine nach vorheriger Vereinbarung wahrzunehmen.<\/p>\n<p>Die \u00d6ffnung der Zulassungsstelle in Fulda samstags von 9 bis 12 Uhr und der langen Dienstagabend in der Au\u00dfenstelle H\u00fcnfeld runden das Angebot des Fachdienstes Stra\u00dfenverkehr ab. \u201eInsgesamt ergibt sich eine \u00d6ffnungszeit von 38 Stunden pro Woche, wodurch sich das Dienstleistungsangebot in erheblichem Ma\u00df verbessert hat\u201c, so Dr. Wingenfeld abschlie\u00dfend.<\/p>\n","protected":false},"excerpt":{"rendered":"<div class=\"tmnf_excerpt\"><p>Fulda. Mehr zugelassene Fahrzeuge, weniger Neuzulassungen, mehr F\u00fchrerscheinneulinge, ein deutlich gestiegenes Kundenaufkommen und eine konstant niedrige Wartezeit von durchschnittlich vier Minuten \u2013 so sieht die Bilanz der Stra\u00dfenverkehrsbeh\u00f6rde des Landkreises Fulda vier Jahre nach dem Umzug von der Buttlarstra\u00dfe an den Standort Kreuzbergstra\u00dfe aus. Foto: Marzena Traber<\/p>\n<\/div>","protected":false},"author":1,"featured_media":0,"comment_status":"closed","ping_status":"closed","sticky":false,"template":"","format":"standard","meta":{"footnotes":""},"categories":[1,35,78],"tags":[],"class_list":["post-133956","post","type-post","status-publish","format-standard","hentry","category-startseite","category-auto","category-topthema"],"_links":{"self":[{"href":"https:\/\/www.fuldaernachrichten.de\/index.php?rest_route=\/wp\/v2\/posts\/133956","targetHints":{"allow":["GET"]}}],"collection":[{"href":"https:\/\/www.fuldaernachrichten.de\/index.php?rest_route=\/wp\/v2\/posts"}],"about":[{"href":"https:\/\/www.fuldaernachrichten.de\/index.php?rest_route=\/wp\/v2\/types\/post"}],"author":[{"embeddable":true,"href":"https:\/\/www.fuldaernachrichten.de\/index.php?rest_route=\/wp\/v2\/users\/1"}],"replies":[{"embeddable":true,"href":"https:\/\/www.fuldaernachrichten.de\/index.php?rest_route=%2Fwp%2Fv2%2Fcomments&post=133956"}],"version-history":[{"count":1,"href":"https:\/\/www.fuldaernachrichten.de\/index.php?rest_route=\/wp\/v2\/posts\/133956\/revisions"}],"predecessor-version":[{"id":133958,"href":"https:\/\/www.fuldaernachrichten.de\/index.php?rest_route=\/wp\/v2\/posts\/133956\/revisions\/133958"}],"wp:attachment":[{"href":"https:\/\/www.fuldaernachrichten.de\/index.php?rest_route=%2Fwp%2Fv2%2Fmedia&parent=133956"}],"wp:term":[{"taxonomy":"category","embeddable":true,"href":"https:\/\/www.fuldaernachrichten.de\/index.php?rest_route=%2Fwp%2Fv2%2Fcategories&post=133956"},{"taxonomy":"post_tag","embeddable":true,"href":"https:\/\/www.fuldaernachrichten.de\/index.php?rest_route=%2Fwp%2Fv2%2Ftags&post=133956"}],"curies":[{"name":"wp","href":"https:\/\/api.w.org\/{rel}","templated":true}]}}