{"id":133874,"date":"2015-01-15T11:59:20","date_gmt":"2015-01-15T10:59:20","guid":{"rendered":"http:\/\/www.fuldaer-nachrichten.de\/?p=133874"},"modified":"2015-01-15T11:59:20","modified_gmt":"2015-01-15T10:59:20","slug":"familienbund-der-katholiken-kindergeld-und-kinderfreibetrag-jetzt-erhoehen","status":"publish","type":"post","link":"https:\/\/www.fuldaernachrichten.de\/?p=133874","title":{"rendered":"Familienbund der Katholiken: Kindergeld und Kinderfreibetrag jetzt erh\u00f6hen!"},"content":{"rendered":"<p>Fulda. Der Familienbund der Katholiken fordert angesichts des ausgeglichenen Bundeshaushalts 2014 eine Erh\u00f6hung von Kindergeld und Kinderfreibetrag noch in diesem Jahr. \u201eFamilien k\u00f6nnen nicht l\u00e4nger auf Geld verzichten, das Ihnen zusteht. Finanzielle Spielr\u00e4ume m\u00fcssen nun schnell f\u00fcr die \u00fcberf\u00e4llige Erh\u00f6hung von Kinderfreibetrag und Kindergeld genutzt werden\u201c, sagte heute Hubert Schulte, Landesvorsitzender des Familienbundes der Katholiken, in Fulda. Auch der Freibetrag f\u00fcr Alleinerziehende und der Kinderzuschlag f\u00fcr Geringverdiener m\u00fcssten noch in diesem Jahr erh\u00f6ht werden.<!--more--><\/p>\n<p>Laut Existenzminimumbericht der Bundesregierung, der die H\u00f6he des steuerlichen Kinderfreibetrages festsetzt, h\u00e4tte dieser bereits 2014 angehoben werden m\u00fcssen. Hubert Schulte erinnerte daran, dass das Kindergeld ein wirksames Instrument gegen Kinderarmut ist. Dem Armuts- und Reichtumsbericht der Bundesregierung zufolge bleibt rund 1,2 Millionen Familien durch das Kindergeld die Inanspruchnahme von Arbeitslosengeld II erspart.<\/p>\n<p>Der Familienbund fordert grunds\u00e4tzlich die Anhebung des Kinderfreibetrages auf das Niveau der Erwachsenen und die entsprechende Erh\u00f6hung des Kindergeldes. \u201eFamilien sichern die Zukunft unserer Gesellschaft. Bei ihnen zu sparen, w\u00e4re das falsche Signal\u201c, so Schulte abschlie\u00dfend.<\/p>\n","protected":false},"excerpt":{"rendered":"<div class=\"tmnf_excerpt\"><p>Fulda. Der Familienbund der Katholiken fordert angesichts des ausgeglichenen Bundeshaushalts 2014 eine Erh\u00f6hung von Kindergeld und Kinderfreibetrag noch in diesem Jahr. \u201eFamilien k\u00f6nnen nicht l\u00e4nger auf Geld verzichten, das Ihnen zusteht. Finanzielle Spielr\u00e4ume m\u00fcssen nun schnell f\u00fcr die \u00fcberf\u00e4llige Erh\u00f6hung von Kinderfreibetrag und Kindergeld genutzt werden\u201c, sagte heute Hubert Schulte, Landesvorsitzender des Familienbundes der Katholiken, &hellip;<\/p>\n<\/div>","protected":false},"author":1,"featured_media":0,"comment_status":"closed","ping_status":"closed","sticky":false,"template":"","format":"standard","meta":{"footnotes":""},"categories":[1,72],"tags":[],"class_list":["post-133874","post","type-post","status-publish","format-standard","hentry","category-startseite","category-jugend"],"_links":{"self":[{"href":"https:\/\/www.fuldaernachrichten.de\/index.php?rest_route=\/wp\/v2\/posts\/133874","targetHints":{"allow":["GET"]}}],"collection":[{"href":"https:\/\/www.fuldaernachrichten.de\/index.php?rest_route=\/wp\/v2\/posts"}],"about":[{"href":"https:\/\/www.fuldaernachrichten.de\/index.php?rest_route=\/wp\/v2\/types\/post"}],"author":[{"embeddable":true,"href":"https:\/\/www.fuldaernachrichten.de\/index.php?rest_route=\/wp\/v2\/users\/1"}],"replies":[{"embeddable":true,"href":"https:\/\/www.fuldaernachrichten.de\/index.php?rest_route=%2Fwp%2Fv2%2Fcomments&post=133874"}],"version-history":[{"count":1,"href":"https:\/\/www.fuldaernachrichten.de\/index.php?rest_route=\/wp\/v2\/posts\/133874\/revisions"}],"predecessor-version":[{"id":133875,"href":"https:\/\/www.fuldaernachrichten.de\/index.php?rest_route=\/wp\/v2\/posts\/133874\/revisions\/133875"}],"wp:attachment":[{"href":"https:\/\/www.fuldaernachrichten.de\/index.php?rest_route=%2Fwp%2Fv2%2Fmedia&parent=133874"}],"wp:term":[{"taxonomy":"category","embeddable":true,"href":"https:\/\/www.fuldaernachrichten.de\/index.php?rest_route=%2Fwp%2Fv2%2Fcategories&post=133874"},{"taxonomy":"post_tag","embeddable":true,"href":"https:\/\/www.fuldaernachrichten.de\/index.php?rest_route=%2Fwp%2Fv2%2Ftags&post=133874"}],"curies":[{"name":"wp","href":"https:\/\/api.w.org\/{rel}","templated":true}]}}