{"id":133847,"date":"2015-01-15T00:11:58","date_gmt":"2015-01-14T23:11:58","guid":{"rendered":"http:\/\/www.fuldaer-nachrichten.de\/?p=133847"},"modified":"2015-01-14T15:08:12","modified_gmt":"2015-01-14T14:08:12","slug":"angebote-fuer-senioren-in-fulda","status":"publish","type":"post","link":"https:\/\/www.fuldaernachrichten.de\/?p=133847","title":{"rendered":"Angebote f\u00fcr Senioren in Fulda"},"content":{"rendered":"<p>Fulda. Am Donnerstag, dem 22. Januar um 10:00 Uhr findet im VHS-Vortragssaal im Vonderau Museum ein kostenloser Vortrag zum Thema \u201eAngebote f\u00fcr Senioren in Fulda\u201c statt. Viele Menschen waren w\u00e4hrend der Berufst\u00e4tigkeit so eingebunden, dass Freizeit ein Fremdwort war. Sie wissen gar nicht, wie und mit welchen Terminen sie im Ruhestand ihren Terminkalender f\u00fcllen sollen. Einige Menschen wechseln nach dem Ausscheiden aus dem aktiven Arbeitsleben auch den Wohnort und wissen daher nicht, wo in Fulda was angeboten wird. <!--more--><\/p>\n<p>Neue Bet\u00e4tigungen bieten auch immer die M\u00f6glichkeit neue Kontakte zu kn\u00fcpfen. Frau Wehr-Tiemeier vom Amt f\u00fcr Jugend, Familie und Senioren stellt vor, welche Angebote es in Fulda gibt.Im Anschluss an den Vortrag steht die Referentin f\u00fcr Fragen zur Verf\u00fcgung.<\/p>\n","protected":false},"excerpt":{"rendered":"<div class=\"tmnf_excerpt\"><p>Fulda. Am Donnerstag, dem 22. Januar um 10:00 Uhr findet im VHS-Vortragssaal im Vonderau Museum ein kostenloser Vortrag zum Thema \u201eAngebote f\u00fcr Senioren in Fulda\u201c statt. Viele Menschen waren w\u00e4hrend der Berufst\u00e4tigkeit so eingebunden, dass Freizeit ein Fremdwort war. Sie wissen gar nicht, wie und mit welchen Terminen sie im Ruhestand ihren Terminkalender f\u00fcllen sollen. &hellip;<\/p>\n<\/div>","protected":false},"author":1,"featured_media":0,"comment_status":"closed","ping_status":"closed","sticky":false,"template":"","format":"standard","meta":{"footnotes":""},"categories":[1,72],"tags":[],"class_list":["post-133847","post","type-post","status-publish","format-standard","hentry","category-startseite","category-jugend"],"_links":{"self":[{"href":"https:\/\/www.fuldaernachrichten.de\/index.php?rest_route=\/wp\/v2\/posts\/133847","targetHints":{"allow":["GET"]}}],"collection":[{"href":"https:\/\/www.fuldaernachrichten.de\/index.php?rest_route=\/wp\/v2\/posts"}],"about":[{"href":"https:\/\/www.fuldaernachrichten.de\/index.php?rest_route=\/wp\/v2\/types\/post"}],"author":[{"embeddable":true,"href":"https:\/\/www.fuldaernachrichten.de\/index.php?rest_route=\/wp\/v2\/users\/1"}],"replies":[{"embeddable":true,"href":"https:\/\/www.fuldaernachrichten.de\/index.php?rest_route=%2Fwp%2Fv2%2Fcomments&post=133847"}],"version-history":[{"count":1,"href":"https:\/\/www.fuldaernachrichten.de\/index.php?rest_route=\/wp\/v2\/posts\/133847\/revisions"}],"predecessor-version":[{"id":133848,"href":"https:\/\/www.fuldaernachrichten.de\/index.php?rest_route=\/wp\/v2\/posts\/133847\/revisions\/133848"}],"wp:attachment":[{"href":"https:\/\/www.fuldaernachrichten.de\/index.php?rest_route=%2Fwp%2Fv2%2Fmedia&parent=133847"}],"wp:term":[{"taxonomy":"category","embeddable":true,"href":"https:\/\/www.fuldaernachrichten.de\/index.php?rest_route=%2Fwp%2Fv2%2Fcategories&post=133847"},{"taxonomy":"post_tag","embeddable":true,"href":"https:\/\/www.fuldaernachrichten.de\/index.php?rest_route=%2Fwp%2Fv2%2Ftags&post=133847"}],"curies":[{"name":"wp","href":"https:\/\/api.w.org\/{rel}","templated":true}]}}