{"id":133798,"date":"2015-01-13T00:10:58","date_gmt":"2015-01-12T23:10:58","guid":{"rendered":"http:\/\/www.fuldaer-nachrichten.de\/?p=133798"},"modified":"2015-01-13T09:43:03","modified_gmt":"2015-01-13T08:43:03","slug":"demenzforum-fulda-hilft-betroffenen-und-ihren-angehoerigen-bei-der-alltagsbewaeltigung","status":"publish","type":"post","link":"https:\/\/www.fuldaernachrichten.de\/?p=133798","title":{"rendered":"Demenzforum Fulda hilft Betroffenen und ihren Angeh\u00f6rigen bei der Alltagsbew\u00e4ltigung"},"content":{"rendered":"<p><img fetchpriority=\"high\" decoding=\"async\" class=\"alignnone size-full wp-image-133799\" src=\"http:\/\/www.fuldaer-nachrichten.de\/wp-content\/uploads\/2015\/01\/3a_Demenzforum3.jpg\" alt=\"3a_Demenzforum3\" width=\"560\" height=\"410\" \/><br \/>\nFulda. Die demografische Entwicklung der Bundesb\u00fcrger macht auch vor dem Landkreis Fulda nicht halt. Viele Menschen erreichen ein Alter jenseits von achtzig Jahren. Schon jetzt zeigt sich, dass nicht nur ein fortgeschrittenes Alter die Ursache f\u00fcr schlechtere Ged\u00e4chtnisleistungen ist, sondern die Zahl demenzieller Erkrankungen in der Gesellschaft frappierend zunimmt. Der Bedarf an professioneller Hilfe ist sehr hoch und steigt weiter, sagen Experten.<!--more--><\/p>\n<p>Vor diesem Hintergrund wurde auf Initiative von Landkreis und Stadt Fulda Anfang 2013 das Demenzforum Fulda gegr\u00fcndet, das als offenes Forum f\u00fcr Selbsthilfegruppen, Pflegeheime, ehrenamtlich T\u00e4tige, \u00c4rzte, ambulante Pflegedienste und private Betreuungsanbieter seine Arbeit aufgenommen hat. Jeder<strong>,<\/strong> der mit dem Thema Demenz zu tun hat, kann sich einbringen. So nutzen auch viele Tagespflegeeinrichtungen, Verb\u00e4nde, Vereine, aber auch die Caritas und die Krankenh\u00e4user der Region die M\u00f6glichkeit, sich innerhalb des Demenzforums auszutauschen, das Thema Demenz in die \u00d6ffentlichkeit zu bringen sowie Erkrankte und Angeh\u00f6rige zu ermutigen, fr\u00fchzeitig Hilfe in Anspruch zu nehmen.<\/p>\n<p>\u201eDerzeit beteiligen sich etwa 40 Institutionen am Demenzforum. F\u00fcr die Erweiterung der Expertise und den Informationsaustausch ist dieses Forum eine gro\u00dfe Chance\u201c, erkl\u00e4rt die verantwortliche Koordinatorin beim Landkreis, Maritta J\u00e4ger. Aktiv und engagiert arbeiten die Mitglieder vor allem in der Kommunikation mit den B\u00fcrgern. So organisierte das Demenzforum einen Informationstag im Oktober in der Aula der alten Universit\u00e4t. 15 Einrichtungen und Institutionen pr\u00e4sentierten sich mit Informationsst\u00e4nden und stellten Unterst\u00fctzungs- und Entlastungsm\u00f6glichkeiten vor. Ein Facharzt, eine Psychologin sowie betroffene Angeh\u00f6rige hielten Vortr\u00e4ge zum Thema und gaben ihre Erfahrungen weiter.<\/p>\n<p>&#8220;Mit unserer Veranstaltung wollen wir Menschen Mut machen, sich mit dieser besonderen Lebenssituation auseinander zu setzen&#8221;, sagt Maritta J\u00e4ger. &#8220;Wir hatten sehr viele Besucher und stellten fest, dass der Bedarf an Information und Unterst\u00fctzung nach wie vor sehr gro\u00df ist&#8221;, so die Expertin. Viele Betroffene und ihre Angeh\u00f6rigen seien verunsichert und w\u00fcssten nicht, was ihnen zustehe und welche Formen der Hilfe es gebe, bringt J\u00e4ger die Erkenntnisse der Veranstaltung auf den Punkt. Die Resonanz auf den Informationstag habe die Organisatoren darin best\u00e4rkt, die M\u00f6glichkeiten der beteiligten Partner im Demenzforum verst\u00e4rkt in der \u00d6ffentlichkeit zu kommunizieren.<\/p>\n<p>Eine weitere Anlaufstelle ist der Pflegest\u00fctzpunkt im Zentrum Vital am Gerloser Weg. Seit Dezember 2010 steht die Einrichtung in gemeinsamer Tr\u00e4gerschaft der AOK und des Landkreises der Bev\u00f6lkerung bei Fragen rund um Pflege und Versorgung zur Verf\u00fcgung. Dessen Mitarbeiter Martin Kersting ist mit seiner Beratungsstelle ebenfalls im Demenzforum aktiv. Durch die unterschiedlichen Angebote und fachlichen Inhalte, durch intensive Schulungen und st\u00e4ndige Kommunikation der Institutionen, Organisationen und privaten Anbieter im Demenzforum k\u00f6nnten die Menschen in der Region auf ein Netz kompetenter Ansprechpartner und Unterst\u00fctzer zur\u00fcckgreifen, macht der Experte Betroffenen Mut.<\/p>\n<p><strong>Kontakt<\/strong><\/p>\n<p>Demenzforum Fulda<br \/>\nKreisgesundheitsamt<br \/>\nOtfrid-von-Weissenburg-Str. 3<br \/>\n36043 Fulda<br \/>\nTelefon (0661)6006-679<br \/>\nE-Mail <a href=\"mailto:maritta.jaeger@landkreis-fulda.de\">maritta.jaeger@landkreis-fulda.de<\/a><\/p>\n<p>Pflegest\u00fctzpunkt Landkreis Fulda<br \/>\nGerloser Weg 20<br \/>\n36039 Fulda<br \/>\nSprechzeiten: Dienstag 9 \u2013 12 Uhr,<br \/>\nTelefon (0661)6006-692\/-693<br \/>\nE-Mail <a href=\"mailto:pflegestuetzpunkt@landkreis-fulda.de\">pflegestuetzpunkt@landkreis-fulda.de<br \/>\n<\/a>Sprechzeiten: Dienstag 9-12 Uhr, Donnerstag 14-16 Uhr und nach Vereinbarung<\/p>\n","protected":false},"excerpt":{"rendered":"<div class=\"tmnf_excerpt\"><p>Fulda. Die demografische Entwicklung der Bundesb\u00fcrger macht auch vor dem Landkreis Fulda nicht halt. Viele Menschen erreichen ein Alter jenseits von achtzig Jahren. Schon jetzt zeigt sich, dass nicht nur ein fortgeschrittenes Alter die Ursache f\u00fcr schlechtere Ged\u00e4chtnisleistungen ist, sondern die Zahl demenzieller Erkrankungen in der Gesellschaft frappierend zunimmt. Der Bedarf an professioneller Hilfe ist &hellip;<\/p>\n<\/div>","protected":false},"author":1,"featured_media":0,"comment_status":"closed","ping_status":"closed","sticky":false,"template":"","format":"standard","meta":{"footnotes":""},"categories":[1,78],"tags":[],"class_list":["post-133798","post","type-post","status-publish","format-standard","hentry","category-startseite","category-topthema"],"_links":{"self":[{"href":"https:\/\/www.fuldaernachrichten.de\/index.php?rest_route=\/wp\/v2\/posts\/133798","targetHints":{"allow":["GET"]}}],"collection":[{"href":"https:\/\/www.fuldaernachrichten.de\/index.php?rest_route=\/wp\/v2\/posts"}],"about":[{"href":"https:\/\/www.fuldaernachrichten.de\/index.php?rest_route=\/wp\/v2\/types\/post"}],"author":[{"embeddable":true,"href":"https:\/\/www.fuldaernachrichten.de\/index.php?rest_route=\/wp\/v2\/users\/1"}],"replies":[{"embeddable":true,"href":"https:\/\/www.fuldaernachrichten.de\/index.php?rest_route=%2Fwp%2Fv2%2Fcomments&post=133798"}],"version-history":[{"count":1,"href":"https:\/\/www.fuldaernachrichten.de\/index.php?rest_route=\/wp\/v2\/posts\/133798\/revisions"}],"predecessor-version":[{"id":133800,"href":"https:\/\/www.fuldaernachrichten.de\/index.php?rest_route=\/wp\/v2\/posts\/133798\/revisions\/133800"}],"wp:attachment":[{"href":"https:\/\/www.fuldaernachrichten.de\/index.php?rest_route=%2Fwp%2Fv2%2Fmedia&parent=133798"}],"wp:term":[{"taxonomy":"category","embeddable":true,"href":"https:\/\/www.fuldaernachrichten.de\/index.php?rest_route=%2Fwp%2Fv2%2Fcategories&post=133798"},{"taxonomy":"post_tag","embeddable":true,"href":"https:\/\/www.fuldaernachrichten.de\/index.php?rest_route=%2Fwp%2Fv2%2Ftags&post=133798"}],"curies":[{"name":"wp","href":"https:\/\/api.w.org\/{rel}","templated":true}]}}