{"id":133712,"date":"2015-01-09T00:09:59","date_gmt":"2015-01-08T23:09:59","guid":{"rendered":"http:\/\/www.fuldaer-nachrichten.de\/?p=133712"},"modified":"2015-01-09T10:54:12","modified_gmt":"2015-01-09T09:54:12","slug":"pflegestuetzpunkt-landkreis-fulda-beraet-seit-vier-jahren-kostenlos-und-neutral-unterstuetzung-bei-allen-fragen-zur-pflege","status":"publish","type":"post","link":"https:\/\/www.fuldaernachrichten.de\/?p=133712","title":{"rendered":"Pflegest\u00fctzpunkt Landkreis Fulda ber\u00e4t seit vier Jahren kostenlos und neutral &#8211; Unterst\u00fctzung bei allen Fragen zur Pflege"},"content":{"rendered":"<p><img fetchpriority=\"high\" decoding=\"async\" class=\"alignnone size-full wp-image-133713\" src=\"http:\/\/www.fuldaer-nachrichten.de\/wp-content\/uploads\/2015\/01\/008-Pflegst\u00fctzpunkt.jpg\" alt=\"008-Pflegst\u00fctzpunkt\" width=\"560\" height=\"508\" \/><\/p>\n<p>Fulda. Seit vier Jahren bietet der Pflegest\u00fctzpunkt Landkreis Fulda gesetzlich Versicherten kostenlose, tr\u00e4gerneutrale Beratung rund um Fragen zur Pflegebed\u00fcrftigkeit. Finanziert wird die Arbeit zu gleichen Teilen vom Landkreis Fulda und den gesetzlichen Kranken- und Pflegekassen.<!--more--><\/p>\n<p>\u201eBeim Thema Pflege und Pflegebed\u00fcrftigkeit gibt es nach wie vor gro\u00dfe Unsicherheiten und ein gro\u00dfes Bed\u00fcrfnis nach qualifizierter Beratung\u201c, erkl\u00e4rt Diplom-Sozialarbeiter Martin Kersting. Er und sein Kollege Andreas Heinz, Pflegefachkraft und -berater, sind die Ansprechpartner im Pflegest\u00fctzpunkt. \u201eMehrere hundert Beratungskontakte waren es alleine in diesem Jahr\u201c, erz\u00e4hlt Kersting, und Heinz erg\u00e4nzt: \u201eZu Fragen der Pflegeversicherungsleistungen waren es rund 140.\u201c<\/p>\n<p>Geht es um Themen wie \u201eAuf welche Leistungen habe ich Anspruch?\u201c oder \u201eWie l\u00e4sst sich die Pflegesituation verbessern?\u201c ist Andreas Heinz der Experte. Er besucht die Ratsuchenden oft direkt zuhause. \u201eEs gibt viele Unsicherheiten dar\u00fcber, ob ein Angeh\u00f6riger tats\u00e4chlich pflegebed\u00fcrftig ist. Und viele Beratungsgespr\u00e4che betreffen die konkrete Organisation von Pflege\u201c, erl\u00e4utert Heinz. \u201e70 Prozent der Pflegebed\u00fcrftigen im Landkreis werden ambulant gepflegt\u201c, wei\u00df er. Das stellt eine besondere Herausforderung dar, die viele an ihre Grenzen und dar\u00fcber hinaus f\u00fchrt.<\/p>\n<p>Damit m\u00f6glichst wenige Menschen als Angeh\u00f6rige in diese \u201ePflegefalle\u201c tappen oder selbst ohne Vorsorge zum Pflegefall werden, setzt Diplom-Sozialarbeiter Martin Kersting in seinem Arbeitsschwerpunkt im Pflegest\u00fctzpunkt auf \u00d6ffentlichkeitsarbeit und Sozialberatung zu Vorsorgefragen. \u201ePflegende sollten sich m\u00f6glichst fr\u00fchzeitig Hilfe suchen \u2013 viele denken zu wenig an die eigene Gesundheit\u201c, appelliert er an Angeh\u00f6rige, die zum Beispiel die eigenen Eltern betreuen.<\/p>\n<p>Dar\u00fcber hinaus versucht er, Menschen auch in Vortr\u00e4gen zu Themen wie \u201eWohnen im Alter\u201c oder in Beratungsgespr\u00e4chen f\u00fcr die eigene Situation zu sensibilisieren. \u201eMit Mitte 80 im f\u00fcnften Stock eines Altbaus zu wohnen, die Wohnung nicht mehr verlassen zu k\u00f6nnen und auf Versorgung durch die eigenen Kinder zu setzen, das ist nicht schicksalhaft\u201c, gibt Kersting ein Beispiel. Er empfiehlt daher, sich fr\u00fchzeitig \u00fcber das eigene Leben im Alter Gedanken zu machen. Dazu geh\u00f6rt auch, \u00fcber entsprechende Vollmachten nachzudenken. \u201ePatientenverf\u00fcgung, Vorsorgevollmacht und Testament sollte jeder unabh\u00e4ngig von seinem Alter haben\u201c, sagt Pflegeberater Andreas Heinz, und Martin Kersting f\u00fcgt an: \u201eNur weil ich mich damit besch\u00e4ftige, sterbe ich ja nicht fr\u00fcher.\u201c<\/p>\n<p><strong>Info<\/strong><\/p>\n<p>Ein ausf\u00fchrliches Interview mit Martin Kersting und Andreas Heinz lesen Sie im Jahrbuch des Landkreises Fulda, Schwerpunkt \u201eAlter und Pflege\u201c, erh\u00e4ltlich zum Verkaufspreis von 7,90 Euro in allen Buchhandlungen, im Landratsamt Fulda, in der Au\u00dfenstelle H\u00fcnfeld sowie in den Gemeindeverwaltungen.<\/p>\n<p><strong>Kontakt<\/strong><\/p>\n<p>Pflegest\u00fctzpunkt Landkreis Fulda, Gerloser Weg 20 (im Zentrum Vital, 1. Obergeschoss), 36039 Fulda<br \/>\nSozialarbeiter Martin Kersting: Telefon (0661)6006-692, Pflegeberater Andreas Heinz: Telefon (0661)6006-693<br \/>\nInternet: www.pflegestuetzpunkt-fulda.de<\/p>\n<p>Sprechzeiten: Dienstag 9-12 und Donnerstag 14-16; Termine au\u00dferhalb dieser Zeiten sind ohne Probleme m\u00f6glich, ein Anruf vorab ist in jedem Falle ratsam.<\/p>\n","protected":false},"excerpt":{"rendered":"<div class=\"tmnf_excerpt\"><p>Fulda. Seit vier Jahren bietet der Pflegest\u00fctzpunkt Landkreis Fulda gesetzlich Versicherten kostenlose, tr\u00e4gerneutrale Beratung rund um Fragen zur Pflegebed\u00fcrftigkeit. Finanziert wird die Arbeit zu gleichen Teilen vom Landkreis Fulda und den gesetzlichen Kranken- und Pflegekassen.<\/p>\n<\/div>","protected":false},"author":1,"featured_media":0,"comment_status":"closed","ping_status":"closed","sticky":false,"template":"","format":"standard","meta":{"footnotes":""},"categories":[1,51,78],"tags":[],"class_list":["post-133712","post","type-post","status-publish","format-standard","hentry","category-startseite","category-medizin","category-topthema"],"_links":{"self":[{"href":"https:\/\/www.fuldaernachrichten.de\/index.php?rest_route=\/wp\/v2\/posts\/133712","targetHints":{"allow":["GET"]}}],"collection":[{"href":"https:\/\/www.fuldaernachrichten.de\/index.php?rest_route=\/wp\/v2\/posts"}],"about":[{"href":"https:\/\/www.fuldaernachrichten.de\/index.php?rest_route=\/wp\/v2\/types\/post"}],"author":[{"embeddable":true,"href":"https:\/\/www.fuldaernachrichten.de\/index.php?rest_route=\/wp\/v2\/users\/1"}],"replies":[{"embeddable":true,"href":"https:\/\/www.fuldaernachrichten.de\/index.php?rest_route=%2Fwp%2Fv2%2Fcomments&post=133712"}],"version-history":[{"count":1,"href":"https:\/\/www.fuldaernachrichten.de\/index.php?rest_route=\/wp\/v2\/posts\/133712\/revisions"}],"predecessor-version":[{"id":133714,"href":"https:\/\/www.fuldaernachrichten.de\/index.php?rest_route=\/wp\/v2\/posts\/133712\/revisions\/133714"}],"wp:attachment":[{"href":"https:\/\/www.fuldaernachrichten.de\/index.php?rest_route=%2Fwp%2Fv2%2Fmedia&parent=133712"}],"wp:term":[{"taxonomy":"category","embeddable":true,"href":"https:\/\/www.fuldaernachrichten.de\/index.php?rest_route=%2Fwp%2Fv2%2Fcategories&post=133712"},{"taxonomy":"post_tag","embeddable":true,"href":"https:\/\/www.fuldaernachrichten.de\/index.php?rest_route=%2Fwp%2Fv2%2Ftags&post=133712"}],"curies":[{"name":"wp","href":"https:\/\/api.w.org\/{rel}","templated":true}]}}