{"id":133615,"date":"2015-01-06T00:12:21","date_gmt":"2015-01-05T23:12:21","guid":{"rendered":"http:\/\/www.fuldaer-nachrichten.de\/?p=133615"},"modified":"2015-01-05T19:32:34","modified_gmt":"2015-01-05T18:32:34","slug":"faschingsbasar-im-muetterzentrum-die-muetze","status":"publish","type":"post","link":"https:\/\/www.fuldaernachrichten.de\/?p=133615","title":{"rendered":"Faschingsbasar im M\u00fctterzentrum \u201eDie M\u00dcTZE\u201c"},"content":{"rendered":"<p>Fulda. Der F\u00f6rderverein der Bildungs- und Begegnungsst\u00e4tte M\u00fctterzentrum Fulda e. V. veranstaltet am Sonntag, 18.01.2015 in der Zeit von 14.00 \u2013 16.00 Uhr einen Faschingsbasar in \u201eDer M\u00dcTZE\u201c, Gallasiniring 8, in Fulda. Angeboten werden Kost\u00fcme, Verkleidungen und Zubeh\u00f6r f\u00fcr Kinder und Erwachsene. F\u00fcr das leibliche Wohl ist mit Kaffee und Kuchen gesorgt. Weitere Informationen und Verkaufsnummern unter Tel. 0661\/8050, Mo. \u2013 Fr. in der Zeit von 9.00 \u2013 12.30 Uhr.<\/p>\n","protected":false},"excerpt":{"rendered":"<div class=\"tmnf_excerpt\"><p>Fulda. Der F\u00f6rderverein der Bildungs- und Begegnungsst\u00e4tte M\u00fctterzentrum Fulda e. V. veranstaltet am Sonntag, 18.01.2015 in der Zeit von 14.00 \u2013 16.00 Uhr einen Faschingsbasar in \u201eDer M\u00dcTZE\u201c, Gallasiniring 8, in Fulda. Angeboten werden Kost\u00fcme, Verkleidungen und Zubeh\u00f6r f\u00fcr Kinder und Erwachsene. F\u00fcr das leibliche Wohl ist mit Kaffee und Kuchen gesorgt. Weitere Informationen und &hellip;<\/p>\n<\/div>","protected":false},"author":1,"featured_media":0,"comment_status":"closed","ping_status":"closed","sticky":false,"template":"","format":"standard","meta":{"footnotes":""},"categories":[1,72],"tags":[],"class_list":["post-133615","post","type-post","status-publish","format-standard","hentry","category-startseite","category-jugend"],"_links":{"self":[{"href":"https:\/\/www.fuldaernachrichten.de\/index.php?rest_route=\/wp\/v2\/posts\/133615","targetHints":{"allow":["GET"]}}],"collection":[{"href":"https:\/\/www.fuldaernachrichten.de\/index.php?rest_route=\/wp\/v2\/posts"}],"about":[{"href":"https:\/\/www.fuldaernachrichten.de\/index.php?rest_route=\/wp\/v2\/types\/post"}],"author":[{"embeddable":true,"href":"https:\/\/www.fuldaernachrichten.de\/index.php?rest_route=\/wp\/v2\/users\/1"}],"replies":[{"embeddable":true,"href":"https:\/\/www.fuldaernachrichten.de\/index.php?rest_route=%2Fwp%2Fv2%2Fcomments&post=133615"}],"version-history":[{"count":1,"href":"https:\/\/www.fuldaernachrichten.de\/index.php?rest_route=\/wp\/v2\/posts\/133615\/revisions"}],"predecessor-version":[{"id":133616,"href":"https:\/\/www.fuldaernachrichten.de\/index.php?rest_route=\/wp\/v2\/posts\/133615\/revisions\/133616"}],"wp:attachment":[{"href":"https:\/\/www.fuldaernachrichten.de\/index.php?rest_route=%2Fwp%2Fv2%2Fmedia&parent=133615"}],"wp:term":[{"taxonomy":"category","embeddable":true,"href":"https:\/\/www.fuldaernachrichten.de\/index.php?rest_route=%2Fwp%2Fv2%2Fcategories&post=133615"},{"taxonomy":"post_tag","embeddable":true,"href":"https:\/\/www.fuldaernachrichten.de\/index.php?rest_route=%2Fwp%2Fv2%2Ftags&post=133615"}],"curies":[{"name":"wp","href":"https:\/\/api.w.org\/{rel}","templated":true}]}}