{"id":133566,"date":"2015-01-02T00:01:42","date_gmt":"2015-01-01T23:01:42","guid":{"rendered":"http:\/\/www.fuldaer-nachrichten.de\/?p=133566"},"modified":"2015-01-02T10:06:39","modified_gmt":"2015-01-02T09:06:39","slug":"schutzambulanz-ist-anlaufstelle-fuer-gewaltopfer","status":"publish","type":"post","link":"https:\/\/www.fuldaernachrichten.de\/?p=133566","title":{"rendered":"Schutzambulanz ist Anlaufstelle f\u00fcr Gewaltopfer &#8211; Knapp 700 Menschen nutzten das Angebot seit Bestehen der Einrichtung"},"content":{"rendered":"<p><img fetchpriority=\"high\" decoding=\"async\" class=\"alignnone size-full wp-image-133568\" src=\"http:\/\/www.fuldaer-nachrichten.de\/wp-content\/uploads\/2015\/01\/141210_Schutzambulanz1.jpg\" alt=\"141210_Schutzambulanz1\" width=\"560\" height=\"359\" \/><\/p>\n<p>Fulda. Seit Januar 2010 gibt es in Fulda die Schutzambulanz. Sie ist eine Anlaufstelle f\u00fcr Menschen, die Gewalt erfahren haben. Das Angebot der Schutzambulanz reicht von entlastenden Gespr\u00e4chen \u00fcber die Vermittlung zu weiterf\u00fchrenden Beratungs- und Unterst\u00fctzungsstellen bis hin zur gerichtsverwertbaren Dokumentation sichtbarer Verletzungsfolgen.<!--more--><\/p>\n<p>Diese kostenfreie Dokumentation ist ein besonderes Angebot und st\u00e4rkt die Position des Opfers. Denn im Rahmen der Dokumentation werden die sichtbaren Spuren einer Gewalttat fotografisch erfasst und gesichert. Beweisst\u00fccke und Spuren k\u00f6nnen in der Schutzambulanz asserviert werden. So hat das Gewaltopfer die M\u00f6glichkeit, auch zu einem sp\u00e4teren Zeitpunkt rechtliche Schritte einzuleiten. Ob und wann diese rechtlichen Schritte eingeleitet werden, entscheidet die betroffene Person selbst.<\/p>\n<p>Grunds\u00e4tzlich ist das Thema Gewalt sehr komplex, denn Gewalt kann viele Gesichter haben. Es gibt k\u00f6rperliche, seelische und sexualisierte Gewalt sowie Vernachl\u00e4ssigung. Die Schutzambulanz Fulda bietet allen von Gewalt Betroffenen \u2013 das k\u00f6nnen Frauen und M\u00e4nner, Kinder und Jugendliche, Senioren, Pflegebed\u00fcrftige und Menschen mit Behinderungen sein \u2013 Hilfe an.<\/p>\n<p>Das Angebot der Schutzambulanz wurde in den letzten vier Jahren gut in Anspruch genommen. Seit Bestehen der Ambulanz haben insgesamt 686 hilfe- und ratsuchende Menschen Kontakt zur Schutzambulanz aufgenommen. Davon waren 523 Personen weiblich. \u00dcberwiegend wurde der Erstkontakt auf telefonischem Weg hergestellt. Nur 70 Personen suchten die Schutzambulanz direkt auf. Die \u00e4lteste Person war zum Zeitpunkt der Kontaktaufnahme 92 Jahre, das j\u00fcngste Kind zwei Jahre alt. Bei Kindern erfolgt die Kontaktaufnahme in der Regel durch die Eltern oder Sorgeberechtigte, die Verwandten oder das Jugendamt.<\/p>\n<p>Etwa ein Drittel der von Gewalt betroffenen Klienten lie\u00df die Verletzungen dokumentieren. Dabei waren knapp 80 Prozent der dokumentierten Personen Frauen. 150 von Gewalt betroffene Klienten hatten zum Zeitpunkt der Dokumentation beziehungsweise der Kontaktaufnahme bereits Strafanzeige gestellt. Hiervon waren 116 Frauen. 49 Klienten (davon 43 Frauen) \u00e4u\u00dferten zum Zeitpunkt der Dokumentation beziehungsweise Kontaktaufnahme, dass sie beabsichtigten, eine Strafanzeige zu stellen.<\/p>\n<p>Die Zahlen zeigen, dass sich die Schutzambulanz, die f\u00fcr die Landkreise Fulda, Hersfeld-Rotenburg und Vogelsberg mit einer Gesamtbev\u00f6lkerung von zirka 450.000 Einwohnern zust\u00e4ndig ist, zu einem festen Baustein in der regionalen Angebotsstruktur f\u00fcr Gewaltopfer entwickelt hat. Urspr\u00fcnglich war das Modellprojekt, das vom Land Hessen und dem Landkreis Fulda gemeinsam initiiert wurde, auf drei Jahre (2010-2013) angelegt. Im Herbst letzten Jahres fiel die Entscheidung, die Arbeit der Schutzambulanz fortzusetzen. Die Schutzambulanz Fulda war bei Gr\u00fcndung eine der ersten Opferambulanzen bundesweit, die nicht an eine Klinik oder eine Rechtsmedizin angegliedert war.<\/p>\n<p>Die Schutzambulanz befindet sich im Zentrum Vital, Gerloser Weg 23, in Fulda. Sie ist unter Telefon (0661)6006-1200 erreichbar. Das Angebot ist kostenfrei. Weiterf\u00fchrende Informationen gibt es auch im Internet unter <a href=\"http:\/\/www.schutzambulanz-fulda.de\">www.schutzambulanz-fulda.de<\/a> (Dorit Heydenreich)<\/p>\n","protected":false},"excerpt":{"rendered":"<div class=\"tmnf_excerpt\"><p>Fulda. Seit Januar 2010 gibt es in Fulda die Schutzambulanz. Sie ist eine Anlaufstelle f\u00fcr Menschen, die Gewalt erfahren haben. Das Angebot der Schutzambulanz reicht von entlastenden Gespr\u00e4chen \u00fcber die Vermittlung zu weiterf\u00fchrenden Beratungs- und Unterst\u00fctzungsstellen bis hin zur gerichtsverwertbaren Dokumentation sichtbarer Verletzungsfolgen.<\/p>\n<\/div>","protected":false},"author":1,"featured_media":0,"comment_status":"closed","ping_status":"closed","sticky":false,"template":"","format":"standard","meta":{"footnotes":""},"categories":[1,51,78],"tags":[],"class_list":["post-133566","post","type-post","status-publish","format-standard","hentry","category-startseite","category-medizin","category-topthema"],"_links":{"self":[{"href":"https:\/\/www.fuldaernachrichten.de\/index.php?rest_route=\/wp\/v2\/posts\/133566","targetHints":{"allow":["GET"]}}],"collection":[{"href":"https:\/\/www.fuldaernachrichten.de\/index.php?rest_route=\/wp\/v2\/posts"}],"about":[{"href":"https:\/\/www.fuldaernachrichten.de\/index.php?rest_route=\/wp\/v2\/types\/post"}],"author":[{"embeddable":true,"href":"https:\/\/www.fuldaernachrichten.de\/index.php?rest_route=\/wp\/v2\/users\/1"}],"replies":[{"embeddable":true,"href":"https:\/\/www.fuldaernachrichten.de\/index.php?rest_route=%2Fwp%2Fv2%2Fcomments&post=133566"}],"version-history":[{"count":2,"href":"https:\/\/www.fuldaernachrichten.de\/index.php?rest_route=\/wp\/v2\/posts\/133566\/revisions"}],"predecessor-version":[{"id":133570,"href":"https:\/\/www.fuldaernachrichten.de\/index.php?rest_route=\/wp\/v2\/posts\/133566\/revisions\/133570"}],"wp:attachment":[{"href":"https:\/\/www.fuldaernachrichten.de\/index.php?rest_route=%2Fwp%2Fv2%2Fmedia&parent=133566"}],"wp:term":[{"taxonomy":"category","embeddable":true,"href":"https:\/\/www.fuldaernachrichten.de\/index.php?rest_route=%2Fwp%2Fv2%2Fcategories&post=133566"},{"taxonomy":"post_tag","embeddable":true,"href":"https:\/\/www.fuldaernachrichten.de\/index.php?rest_route=%2Fwp%2Fv2%2Ftags&post=133566"}],"curies":[{"name":"wp","href":"https:\/\/api.w.org\/{rel}","templated":true}]}}