{"id":133491,"date":"2014-12-29T00:09:01","date_gmt":"2014-12-28T23:09:01","guid":{"rendered":"http:\/\/www.fuldaer-nachrichten.de\/?p=133491"},"modified":"2014-12-28T19:15:30","modified_gmt":"2014-12-28T18:15:30","slug":"heilig-abend-nicht-alleine-feiern-muessen","status":"publish","type":"post","link":"https:\/\/www.fuldaernachrichten.de\/?p=133491","title":{"rendered":"Heilig Abend nicht alleine feiern m\u00fcssen &#8211; Caritas bot eine Feier f\u00fcr Alleinstehende, Obdachlose und Nichtsesshafte an"},"content":{"rendered":"<p><img fetchpriority=\"high\" decoding=\"async\" class=\"alignnone size-full wp-image-133492\" src=\"http:\/\/www.fuldaer-nachrichten.de\/wp-content\/uploads\/2014\/12\/082-RCV-WeihFei-Obdachlos-241214-wim.jpg\" alt=\"082 RCV WeihFei Obdachlos 241214 wim\" width=\"560\" height=\"348\" \/><\/p>\n<p>Fulda. Am Heiligen Abend waren die G\u00e4ste bei der Weihnachtsfeier des Caritasverbandes f\u00fcr die Regionen Fulda und Geisa e.V. in der Altentagesst\u00e4tte am Hexenturm so zahlreich, dass es f\u00fcr manchen schwer wurde noch einen freien Platz zu finden. Bei einsetzenden Regen gegen 14 Uhr wurde vorzeitig Einlass gew\u00e4hrt. Die G\u00e4ste erhielten aus der Hand von Organisator Torsten Hammer, Bereichsleiter Obdachlosenhilfe der Caritas, Haus Jakobsbrunnen, eine Weihnachtsgru\u00dfkarte und Losnummer. <!--more--><\/p>\n<p><img decoding=\"async\" class=\"alignleft size-thumbnail wp-image-133493\" src=\"http:\/\/www.fuldaer-nachrichten.de\/wp-content\/uploads\/2014\/12\/011-RCV-WeihFei-Obdachlos-241214-wim-265x399.jpg\" alt=\"011 RCV WeihFei Obdachlos 241214 wim\" width=\"265\" height=\"399\" srcset=\"https:\/\/www.fuldaernachrichten.de\/wp-content\/uploads\/2014\/12\/011-RCV-WeihFei-Obdachlos-241214-wim-265x399.jpg 265w, https:\/\/www.fuldaernachrichten.de\/wp-content\/uploads\/2014\/12\/011-RCV-WeihFei-Obdachlos-241214-wim-176x265.jpg 176w, https:\/\/www.fuldaernachrichten.de\/wp-content\/uploads\/2014\/12\/011-RCV-WeihFei-Obdachlos-241214-wim-399x600.jpg 399w, https:\/\/www.fuldaernachrichten.de\/wp-content\/uploads\/2014\/12\/011-RCV-WeihFei-Obdachlos-241214-wim.jpg 600w\" sizes=\"(max-width: 265px) 100vw, 265px\" \/>Diese konnte bei der sp\u00e4ter stattfindenden Bescherung in ein Weihnachtsgeschenk umgetauscht werden. Zahlreiche Ehrenamtlich, ohne die die Feier nicht m\u00f6glich w\u00e4re, hatten die Tische weihnachtlich geschm\u00fcckt, Kaffee und Kuchen f\u00fcr den ersten Ansturm vorbereitet und bewirteten den ganzen Abend die G\u00e4ste. Im Namen der Caritas hie\u00df Gesch\u00e4ftsf\u00fchrer Christian Reuter die Anwesenden herzlich Willkommen und sagte, er freue sich sehr, dass alle St\u00fchle besetzt seien. Er sei den Helferinnen und Helfern und den vielen Spendern dankbar, ohne deren finanzielle und materielle Hilfen die Weihnachtsfeier nicht durchf\u00fchrbar w\u00e4re.<\/p>\n<p>Stadtpfarrer Stefan Bu\u00df, Dr. Heiko Wingenfeld, Bischof Heinz Josef Algermissen und Oberb\u00fcrgermeister Gerhard M\u00f6ller betonten in ihren kurzen Gru\u00dfworten, dass an einem solchen Abend besonders die Gef\u00fchle der Menschen angesprochen w\u00fcrden und es gut sei den Abend nicht alleine verbringen zu m\u00fcsse. Die seit vielen Jahren stattfindende Weihnachtsfeier der Caritas setze Glaube in die Tat um, sei ein Zeichen von Solidarit\u00e4t, Geschwisterlichkeit und Wertsch\u00e4tzung der Menschen am Rande der Gesellschaft.<\/p>\n<p>F\u00fcr Stadt und Landkreis Fulda f\u00f6rdere sie den Zusammenhalt und zeige, dass das Gemeinwesen funktioniere. Mit der Geschichte vom \u201evierten K\u00f6nig\u201c verdeutlichte der Bischof, dass der menschgewordenen Gottessohn als Kind in der Krippe nicht erwarte, dass man ihm Geschenke bringe, sondern dass man sich den Menschen zuwende, mit offenen H\u00e4nden gebe und den Fl\u00fcchtlingen Heimat gew\u00e4hre. Georg Reith, W\u00fcstensachsen, seit vielen Jahren Gast, \u00fcberreichte Oberb\u00fcrgermeister Gerhard M\u00f6ller ein Abschiedsgeschenk, da er ja zum letzten Mal als Oberb\u00fcrgermeister anwesend sei und dankte im Name der G\u00e4ste.<\/p>\n<p>Anwesend waren auch Generalvikar Professor Dr. Gerhard Stanke, Waldemar Eckert, Stadt Fulda und Pfarrer Dr. Dagobert Vonderau, Vorsitzender des regionalen Caritasverbandes. Mit ihrer weihnachtlichen Gitarrenmusik boten Ricarda Waider, Daniel Demminger, Tobias Wehner und Stefan Sevcik einen besonderen H\u00f6hepunkt. Bei der Mitmachaktion, die die Bundesfreiwillige Patricia Niwek vorbereitet hatte, konnten die G\u00e4ste W\u00fcnsche aufschreiben, die dann bei der Krippe und am Weihnachtsbaum aufgeh\u00e4ngt und verlesen wurden. Nach dem festlichen Abendessen, das von der Fleischerei Schneider, Fulda geliefert worden war, trug Winfried M\u00f6ller die Weihnachtsbotschaft nach Lukas vor.<\/p>\n<p>Bei \u201eStille Nacht, heilige Nacht\u201c trat eine feierliche Stille ein. Beherzt sangen die G\u00e4ste die bekannten Weihnachtslieder, wie \u201eZu Bethlehem geboren, O du fr\u00f6hliche oder Alle Jahre wieder\u201c. An der Orgel begleitete Gerhard Vogel, Hattenhof, der den gesamten Abend ehrenamtlich mit weihnachtlichen Melodien zur Verf\u00fcgung stand. Eine Gesangseinlage brachte Lisa Niwek, 8, mit dem \u201eGloria\u201c. Anschlie\u00dfend erhielten die G\u00e4ste ihre Weihnachtsgeschenke. Mit einem Gedicht von Georg Reith und einer Bild \u2013 Meditation \u00fcber den \u201eKleinen Hirten\u201c endete der Abend.<\/p>\n","protected":false},"excerpt":{"rendered":"<div class=\"tmnf_excerpt\"><p>Fulda. Am Heiligen Abend waren die G\u00e4ste bei der Weihnachtsfeier des Caritasverbandes f\u00fcr die Regionen Fulda und Geisa e.V. in der Altentagesst\u00e4tte am Hexenturm so zahlreich, dass es f\u00fcr manchen schwer wurde noch einen freien Platz zu finden. Bei einsetzenden Regen gegen 14 Uhr wurde vorzeitig Einlass gew\u00e4hrt. Die G\u00e4ste erhielten aus der Hand von &hellip;<\/p>\n<\/div>","protected":false},"author":1,"featured_media":0,"comment_status":"closed","ping_status":"closed","sticky":false,"template":"","format":"standard","meta":{"footnotes":""},"categories":[1,78],"tags":[],"class_list":["post-133491","post","type-post","status-publish","format-standard","hentry","category-startseite","category-topthema"],"_links":{"self":[{"href":"https:\/\/www.fuldaernachrichten.de\/index.php?rest_route=\/wp\/v2\/posts\/133491","targetHints":{"allow":["GET"]}}],"collection":[{"href":"https:\/\/www.fuldaernachrichten.de\/index.php?rest_route=\/wp\/v2\/posts"}],"about":[{"href":"https:\/\/www.fuldaernachrichten.de\/index.php?rest_route=\/wp\/v2\/types\/post"}],"author":[{"embeddable":true,"href":"https:\/\/www.fuldaernachrichten.de\/index.php?rest_route=\/wp\/v2\/users\/1"}],"replies":[{"embeddable":true,"href":"https:\/\/www.fuldaernachrichten.de\/index.php?rest_route=%2Fwp%2Fv2%2Fcomments&post=133491"}],"version-history":[{"count":2,"href":"https:\/\/www.fuldaernachrichten.de\/index.php?rest_route=\/wp\/v2\/posts\/133491\/revisions"}],"predecessor-version":[{"id":133495,"href":"https:\/\/www.fuldaernachrichten.de\/index.php?rest_route=\/wp\/v2\/posts\/133491\/revisions\/133495"}],"wp:attachment":[{"href":"https:\/\/www.fuldaernachrichten.de\/index.php?rest_route=%2Fwp%2Fv2%2Fmedia&parent=133491"}],"wp:term":[{"taxonomy":"category","embeddable":true,"href":"https:\/\/www.fuldaernachrichten.de\/index.php?rest_route=%2Fwp%2Fv2%2Fcategories&post=133491"},{"taxonomy":"post_tag","embeddable":true,"href":"https:\/\/www.fuldaernachrichten.de\/index.php?rest_route=%2Fwp%2Fv2%2Ftags&post=133491"}],"curies":[{"name":"wp","href":"https:\/\/api.w.org\/{rel}","templated":true}]}}