{"id":133452,"date":"2014-12-24T00:09:31","date_gmt":"2014-12-23T23:09:31","guid":{"rendered":"http:\/\/www.fuldaer-nachrichten.de\/?p=133452"},"modified":"2014-12-24T06:11:30","modified_gmt":"2014-12-24T05:11:30","slug":"ich-wuerde-es-wieder-tun-telefonseelsorge-ehrt-gerda-masurka","status":"publish","type":"post","link":"https:\/\/www.fuldaernachrichten.de\/?p=133452","title":{"rendered":"\u201eIch w\u00fcrde es wieder tun\u201c  &#8211; TelefonSeelsorge ehrt  Gerda Masurka"},"content":{"rendered":"<div id=\"attachment_133462\" style=\"width: 570px\" class=\"wp-caption alignnone\"><img fetchpriority=\"high\" decoding=\"async\" aria-describedby=\"caption-attachment-133462\" class=\"wp-image-133462 size-full\" src=\"http:\/\/www.fuldaer-nachrichten.de\/wp-content\/uploads\/2014\/12\/Gerda_masurka_2.jpg\" alt=\"Gerda_masurka_2\" width=\"560\" height=\"360\" \/><p id=\"caption-attachment-133462\" class=\"wp-caption-text\">Hermann Held, Gerda Masurka, Dagmar Ehrhardt, Dorothe\u00e9 Vilmin Foto von Telefonseelsorge, Dagmar Ehrhardt<\/p><\/div>\n<p>Fulda. Im Rahmen der Adventsfeier der TelefonSeelsorge Fulda wurde Gerda Masurka f\u00fcr 25 Jahre Ehrenamt geehrt. \u201eF\u00fcr mein Leben war es eine gro\u00dfe Bereicherung\u201c, sagt die Jubilarin, die am 9. November 1989 ihren Ausbildungskurs bei der TelefonSeelsorge gemeinsam mit Hermann Held, dem heutigen Ausbildungsleiter, abgeschlossen hatte. Denkw\u00fcrdig war der Tag ihrer Einf\u00fchrungsfeier in den Dienst: \u00dcberraschend kamen die Menschen in ihren Trabbies durch die gerade ge\u00f6ffnete Ost-Westgrenze und die Gottesdienstgemeinde in der Kirche in Hilders sammelte spontan f\u00fcr sie. <!--more--><\/p>\n<p>25 Jahre Mitarbeit in der Rufbereitschaft der TelefonSeelsorge hei\u00dft 25 Jahre da sein f\u00fcr andere. Frau Masurka aus Eiterfeld belegte h\u00e4ufig die Abendschicht des rund um die Uhr Dienstes und Hilfesuchende h\u00f6rten: \u201eIch bin jetzt f\u00fcr Sie da. Ich habe Zeit f\u00fcr Sie.\u201c Nie vergessen wird sie das Gespr\u00e4ch mit einer schwerstkranken jungen Frau kurz vor dem Sterben. Sie hat viel geh\u00f6rt, viel mit gelitten, mitgelacht und mitgeweint. In rund 3000 Stunden Ihres ehrenamtlichen Telefondienstes wurde Frau Masurka unz\u00e4hlige Male in sehr pers\u00f6nliche Lebenssituation von Menschen einbezogen. Sie sch\u00e4tzt diesen gro\u00dfen Vertrauensbeweis und verabschiedet sich nach all den Jahren mit dem Gef\u00fchl von Dankbarkeit und Zufriedenheit, etwas Sinnvolles getan zu haben. Da die Telefonseelsorge zu Anonymit\u00e4t verpflichtet ist, arbeiten alle rund 80 Ehrenamtlichen in Fulda anonym und unerkannt. H\u00e4ufig wissen nicht einmal Angeh\u00f6rige davon. Erst wenn sie ausscheiden wird die Anonymit\u00e4t der Person aufgehoben. Pfarrerin Dagmar Ehrhardt dankte Frau Masurka, die auch Inhaberin der Ehrenamtscard der Stadt Fulda war, f\u00fcr ihr langj\u00e4hriges kompetentes, zuverl\u00e4ssiges und kontinuierliches Engagement und \u00fcberreichte die Dankurkunde der TelefonSeelsorge.<\/p>\n","protected":false},"excerpt":{"rendered":"<div class=\"tmnf_excerpt\"><p>Fulda. Im Rahmen der Adventsfeier der TelefonSeelsorge Fulda wurde Gerda Masurka f\u00fcr 25 Jahre Ehrenamt geehrt. \u201eF\u00fcr mein Leben war es eine gro\u00dfe Bereicherung\u201c, sagt die Jubilarin, die am 9. November 1989 ihren Ausbildungskurs bei der TelefonSeelsorge gemeinsam mit Hermann Held, dem heutigen Ausbildungsleiter, abgeschlossen hatte. Denkw\u00fcrdig war der Tag ihrer Einf\u00fchrungsfeier in den Dienst: &hellip;<\/p>\n<\/div>","protected":false},"author":1,"featured_media":0,"comment_status":"closed","ping_status":"closed","sticky":false,"template":"","format":"standard","meta":{"footnotes":""},"categories":[1,72,50,78],"tags":[],"class_list":["post-133452","post","type-post","status-publish","format-standard","hentry","category-startseite","category-jugend","category-kirche","category-topthema"],"_links":{"self":[{"href":"https:\/\/www.fuldaernachrichten.de\/index.php?rest_route=\/wp\/v2\/posts\/133452","targetHints":{"allow":["GET"]}}],"collection":[{"href":"https:\/\/www.fuldaernachrichten.de\/index.php?rest_route=\/wp\/v2\/posts"}],"about":[{"href":"https:\/\/www.fuldaernachrichten.de\/index.php?rest_route=\/wp\/v2\/types\/post"}],"author":[{"embeddable":true,"href":"https:\/\/www.fuldaernachrichten.de\/index.php?rest_route=\/wp\/v2\/users\/1"}],"replies":[{"embeddable":true,"href":"https:\/\/www.fuldaernachrichten.de\/index.php?rest_route=%2Fwp%2Fv2%2Fcomments&post=133452"}],"version-history":[{"count":7,"href":"https:\/\/www.fuldaernachrichten.de\/index.php?rest_route=\/wp\/v2\/posts\/133452\/revisions"}],"predecessor-version":[{"id":133463,"href":"https:\/\/www.fuldaernachrichten.de\/index.php?rest_route=\/wp\/v2\/posts\/133452\/revisions\/133463"}],"wp:attachment":[{"href":"https:\/\/www.fuldaernachrichten.de\/index.php?rest_route=%2Fwp%2Fv2%2Fmedia&parent=133452"}],"wp:term":[{"taxonomy":"category","embeddable":true,"href":"https:\/\/www.fuldaernachrichten.de\/index.php?rest_route=%2Fwp%2Fv2%2Fcategories&post=133452"},{"taxonomy":"post_tag","embeddable":true,"href":"https:\/\/www.fuldaernachrichten.de\/index.php?rest_route=%2Fwp%2Fv2%2Ftags&post=133452"}],"curies":[{"name":"wp","href":"https:\/\/api.w.org\/{rel}","templated":true}]}}