{"id":133302,"date":"2014-12-22T00:18:25","date_gmt":"2014-12-22T00:18:25","guid":{"rendered":"http:\/\/www.fuldaer-nachrichten.de\/?p=133302"},"modified":"2014-12-21T13:24:50","modified_gmt":"2014-12-21T13:24:50","slug":"kinderfrei-mit-hr3-jetzt-bewerben-hr-popradio-verschafft-eltern-am-23-12-verschnaufpause","status":"publish","type":"post","link":"https:\/\/www.fuldaernachrichten.de\/?p=133302","title":{"rendered":"\u201eKinderfrei mit hr3\u201c \u2013 jetzt bewerben. hr-Popradio verschafft Eltern am 23.12. Verschnaufpause"},"content":{"rendered":"<div id=\"attachment_133303\" style=\"width: 275px\" class=\"wp-caption alignleft\"><a href=\"http:\/\/www.fuldaer-nachrichten.de\/wp-content\/uploads\/2014\/12\/hr3.jpg\"><img fetchpriority=\"high\" decoding=\"async\" aria-describedby=\"caption-attachment-133303\" class=\"wp-image-133303 size-thumbnail\" src=\"http:\/\/www.fuldaer-nachrichten.de\/wp-content\/uploads\/2014\/12\/hr3-265x191.jpg\" alt=\"Kann mit Autos und mit Kindern umgehen: hr3-Reporter Klaus Kr\u00fcckemeyer\" width=\"265\" height=\"191\" srcset=\"https:\/\/www.fuldaernachrichten.de\/wp-content\/uploads\/2014\/12\/hr3-265x191.jpg 265w, https:\/\/www.fuldaernachrichten.de\/wp-content\/uploads\/2014\/12\/hr3.jpg 600w\" sizes=\"(max-width: 265px) 100vw, 265px\" \/><\/a><p id=\"caption-attachment-133303\" class=\"wp-caption-text\">Kann mit Autos und mit Kindern umgehen: hr3-Reporter Klaus Kr\u00fcckemeyer<\/p><\/div>\n<p>Frankfurt am Main. Weihnachten naht unaufhaltsam, und damit steigt besonders bei Eltern der Stresspegel. Wohin mit den lieben Kleinen, wenn Mama und Papa mal eben noch Geschenke besorgen, den Weihnachtsbaum aufstellen oder kochen m\u00fcssen? Wie sch\u00f6n w\u00e4re da so kurz vor Weihnachten ein ganzer Vormittag nur f\u00fcr sich allein, ohne Quengelei, Computerspielger\u00e4usche, Geschwisterzoff oder Mama-Papa-Rufe! hr3 hat die L\u00f6sung: \u201eKinderfrei mit hr3\u201c.<\/p>\n<p><!--more--><\/p>\n<p>hr3-Reporter Klaus Kr\u00fcckemeyer sorgt garantiert daf\u00fcr, dass es den Kindern beim Besuch bei hr3 nicht langweilig wird: Sie lernen Moderatoren kennen, sprechen im Studio selbst ins Mikro, werfen einen Blick in ein hr-Fernsehstudio und d\u00fcrfen ausnahmsweise Pommes und Limonade vertilgen, so viel sie m\u00f6chten. Bis Montag, 22.12., k\u00f6nnen sich Mamas und\/oder Papas noch f\u00fcr \u201eKinderfrei mit hr3\u201c bewerben. Am Dienstag, 23.12., von 9 bis 13 Uhr k\u00f6nnen die gl\u00fccklichen Gewinner dann einen freien Vormittag genie\u00dfen, w\u00e4hrend die Spr\u00f6sslinge im Frankfurter Funkhaus durch die Redaktionsb\u00fcros toben. Der hr3-Shuttleservice ist inklusive \u2013 die Kinder werden zu Hause abgeholt und auch wieder zur\u00fcck gebracht.<br \/>\nInteressenten f\u00fcllen auf www.hr3.de das Onlineformular \u201eKinderfrei mit hr3\u201c aus und m\u00fcssen dann nur noch auf den begl\u00fcckenden Anruf warten.<\/p>\n","protected":false},"excerpt":{"rendered":"<div class=\"tmnf_excerpt\"><p>Frankfurt am Main. Weihnachten naht unaufhaltsam, und damit steigt besonders bei Eltern der Stresspegel. Wohin mit den lieben Kleinen, wenn Mama und Papa mal eben noch Geschenke besorgen, den Weihnachtsbaum aufstellen oder kochen m\u00fcssen? Wie sch\u00f6n w\u00e4re da so kurz vor Weihnachten ein ganzer Vormittag nur f\u00fcr sich allein, ohne Quengelei, Computerspielger\u00e4usche, Geschwisterzoff oder Mama-Papa-Rufe! &hellip;<\/p>\n<\/div>","protected":false},"author":1,"featured_media":0,"comment_status":"closed","ping_status":"closed","sticky":false,"template":"","format":"standard","meta":{"footnotes":""},"categories":[1,72],"tags":[],"class_list":["post-133302","post","type-post","status-publish","format-standard","hentry","category-startseite","category-jugend"],"_links":{"self":[{"href":"https:\/\/www.fuldaernachrichten.de\/index.php?rest_route=\/wp\/v2\/posts\/133302","targetHints":{"allow":["GET"]}}],"collection":[{"href":"https:\/\/www.fuldaernachrichten.de\/index.php?rest_route=\/wp\/v2\/posts"}],"about":[{"href":"https:\/\/www.fuldaernachrichten.de\/index.php?rest_route=\/wp\/v2\/types\/post"}],"author":[{"embeddable":true,"href":"https:\/\/www.fuldaernachrichten.de\/index.php?rest_route=\/wp\/v2\/users\/1"}],"replies":[{"embeddable":true,"href":"https:\/\/www.fuldaernachrichten.de\/index.php?rest_route=%2Fwp%2Fv2%2Fcomments&post=133302"}],"version-history":[{"count":3,"href":"https:\/\/www.fuldaernachrichten.de\/index.php?rest_route=\/wp\/v2\/posts\/133302\/revisions"}],"predecessor-version":[{"id":133307,"href":"https:\/\/www.fuldaernachrichten.de\/index.php?rest_route=\/wp\/v2\/posts\/133302\/revisions\/133307"}],"wp:attachment":[{"href":"https:\/\/www.fuldaernachrichten.de\/index.php?rest_route=%2Fwp%2Fv2%2Fmedia&parent=133302"}],"wp:term":[{"taxonomy":"category","embeddable":true,"href":"https:\/\/www.fuldaernachrichten.de\/index.php?rest_route=%2Fwp%2Fv2%2Fcategories&post=133302"},{"taxonomy":"post_tag","embeddable":true,"href":"https:\/\/www.fuldaernachrichten.de\/index.php?rest_route=%2Fwp%2Fv2%2Ftags&post=133302"}],"curies":[{"name":"wp","href":"https:\/\/api.w.org\/{rel}","templated":true}]}}