{"id":133258,"date":"2014-12-22T00:14:56","date_gmt":"2014-12-22T00:14:56","guid":{"rendered":"http:\/\/www.fuldaer-nachrichten.de\/?p=133258"},"modified":"2014-12-21T09:27:58","modified_gmt":"2014-12-21T09:27:58","slug":"zwei-neue-kreisbrandmeister-im-team-der-gefahrenabwehr-mario-henning-aus-grebenhain-und-tony-michelis-aus-lauterbach-ernannt","status":"publish","type":"post","link":"https:\/\/www.fuldaernachrichten.de\/?p=133258","title":{"rendered":"Zwei neue Kreisbrandmeister im Team der Gefahrenabwehr: Mario Henning aus Grebenhain und Tony Michelis aus Lauterbach ernannt"},"content":{"rendered":"<div id=\"attachment_133259\" style=\"width: 275px\" class=\"wp-caption alignleft\"><a href=\"http:\/\/www.fuldaer-nachrichten.de\/wp-content\/uploads\/2014\/12\/image0011.jpg\"><img decoding=\"async\" aria-describedby=\"caption-attachment-133259\" class=\"wp-image-133259 size-thumbnail\" src=\"http:\/\/www.fuldaer-nachrichten.de\/wp-content\/uploads\/2014\/12\/image0011-265x177.jpg\" alt=\"image001\" width=\"265\" height=\"177\" srcset=\"https:\/\/www.fuldaernachrichten.de\/wp-content\/uploads\/2014\/12\/image0011-265x177.jpg 265w, https:\/\/www.fuldaernachrichten.de\/wp-content\/uploads\/2014\/12\/image0011.jpg 600w\" sizes=\"(max-width: 265px) 100vw, 265px\" \/><\/a><p id=\"caption-attachment-133259\" class=\"wp-caption-text\">Zwei neue Kreisbrandmeister \u2013 Mario Henning (li.) und Tony Michelis (3. v. re.) \u2013 erhielten ihre Ernennungsurkunde; Hubert Helm nahm seine Urkunde zur Verl\u00e4ngerung, Christopher Schindler und Jan Malte M\u00fchlenbeck ihre Bestellungen aus den H\u00e4nden von Landrat Manfred G\u00f6rig und Kreisbrandinspektor Dr. Sven Holland entgegen. Foto: Oliver Sander, Vogelsbergkreis.<\/p><\/div>\n<p>Vogelsbergkreis. Kurz vor Jahresende nahmen Mario Henning aus Grebenhain und Tony Michelis aus Lauterbach ihre Ernennungsurkunde zum Kreisbrandmeister entgegen. Landrat G\u00f6rig: \u201eEs ist gut, dass mit Ihnen zwei erfahrene F\u00fchrungskr\u00e4fte unsere Gefahrenabwehr verst\u00e4rken!\u201c Ab 2015 arbeiten die neuen Kreisbrandmeister f\u00fcr jeweils f\u00fcnf Jahre in der Gefahrenabwehr. F\u00fcr Henning wird der Arbeitsschwerpunkt im Katastrophenschutz liegen, bei Michelis wird die Einsatzplanung Schwerpunkt seiner Arbeit sein.<\/p>\n<p><!--more--><br \/>\nLandrat Manfred G\u00f6rig und Kreisbrandinspektor Dr. Sven Holland hie\u00dfen die neuen Kreisbrandmeister herzlich im Team der Gefahrenabwehr willkommen. Au\u00dferdem wurde Hubert Helm f\u00fcr weitere zwei Jahre zum stellvertretenden Kreisbrandinspektor ernannt. Jan Malte M\u00fchlenbeck (Kreisjugendfeuerwehrwart) und Christopher Schindler (stellvertretender Kreisjugendfeuerwehrwart) erhielten ihre Bestellung f\u00fcr deren neue Funktion. Bei der Delegiertentagung der Kreisjugendfeuerwehr im Mai dieses Jahres wurden beide f\u00fcr f\u00fcnf Jahre gew\u00e4hlt. Alle Ehrenbeamten verf\u00fcgen \u00fcber mehrj\u00e4hrige Erfahrung in ihrem Gebiet und absolvierten zahlreiche Ausbildungen zur Wahrnehmung ihrer Aufgaben.<\/p>\n","protected":false},"excerpt":{"rendered":"<div class=\"tmnf_excerpt\"><p>Vogelsbergkreis. Kurz vor Jahresende nahmen Mario Henning aus Grebenhain und Tony Michelis aus Lauterbach ihre Ernennungsurkunde zum Kreisbrandmeister entgegen. Landrat G\u00f6rig: \u201eEs ist gut, dass mit Ihnen zwei erfahrene F\u00fchrungskr\u00e4fte unsere Gefahrenabwehr verst\u00e4rken!\u201c Ab 2015 arbeiten die neuen Kreisbrandmeister f\u00fcr jeweils f\u00fcnf Jahre in der Gefahrenabwehr. F\u00fcr Henning wird der Arbeitsschwerpunkt im Katastrophenschutz liegen, bei &hellip;<\/p>\n<\/div>","protected":false},"author":1,"featured_media":0,"comment_status":"closed","ping_status":"closed","sticky":false,"template":"","format":"standard","meta":{"footnotes":""},"categories":[1,71],"tags":[],"class_list":["post-133258","post","type-post","status-publish","format-standard","hentry","category-startseite","category-feuerwehr"],"_links":{"self":[{"href":"https:\/\/www.fuldaernachrichten.de\/index.php?rest_route=\/wp\/v2\/posts\/133258","targetHints":{"allow":["GET"]}}],"collection":[{"href":"https:\/\/www.fuldaernachrichten.de\/index.php?rest_route=\/wp\/v2\/posts"}],"about":[{"href":"https:\/\/www.fuldaernachrichten.de\/index.php?rest_route=\/wp\/v2\/types\/post"}],"author":[{"embeddable":true,"href":"https:\/\/www.fuldaernachrichten.de\/index.php?rest_route=\/wp\/v2\/users\/1"}],"replies":[{"embeddable":true,"href":"https:\/\/www.fuldaernachrichten.de\/index.php?rest_route=%2Fwp%2Fv2%2Fcomments&post=133258"}],"version-history":[{"count":1,"href":"https:\/\/www.fuldaernachrichten.de\/index.php?rest_route=\/wp\/v2\/posts\/133258\/revisions"}],"predecessor-version":[{"id":133260,"href":"https:\/\/www.fuldaernachrichten.de\/index.php?rest_route=\/wp\/v2\/posts\/133258\/revisions\/133260"}],"wp:attachment":[{"href":"https:\/\/www.fuldaernachrichten.de\/index.php?rest_route=%2Fwp%2Fv2%2Fmedia&parent=133258"}],"wp:term":[{"taxonomy":"category","embeddable":true,"href":"https:\/\/www.fuldaernachrichten.de\/index.php?rest_route=%2Fwp%2Fv2%2Fcategories&post=133258"},{"taxonomy":"post_tag","embeddable":true,"href":"https:\/\/www.fuldaernachrichten.de\/index.php?rest_route=%2Fwp%2Fv2%2Ftags&post=133258"}],"curies":[{"name":"wp","href":"https:\/\/api.w.org\/{rel}","templated":true}]}}