{"id":133244,"date":"2014-12-22T00:22:18","date_gmt":"2014-12-22T00:22:18","guid":{"rendered":"http:\/\/www.fuldaer-nachrichten.de\/?p=133244"},"modified":"2014-12-22T09:06:36","modified_gmt":"2014-12-22T08:06:36","slug":"buchpraesentation-taeter-und-ihre-opfer-von-elmar-schick-im-fuldaer-stadtschloss","status":"publish","type":"post","link":"https:\/\/www.fuldaernachrichten.de\/?p=133244","title":{"rendered":"Buchpr\u00e4sentation \u201eT\u00e4ter und ihre Opfer\u201c von Elmar Schick im Fuldaer Stadtschloss"},"content":{"rendered":"<div id=\"attachment_133246\" style=\"width: 275px\" class=\"wp-caption alignleft\"><a href=\"http:\/\/www.fuldaer-nachrichten.de\/wp-content\/uploads\/2014\/12\/T\u00e4ter-und-ihre-Opfer.jpg\"><img decoding=\"async\" aria-describedby=\"caption-attachment-133246\" class=\"wp-image-133246 size-thumbnail\" src=\"http:\/\/www.fuldaer-nachrichten.de\/wp-content\/uploads\/2014\/12\/T\u00e4ter-und-ihre-Opfer-265x175.jpg\" alt=\"T\u00e4ter und ihre Opfer\" width=\"265\" height=\"175\" \/><\/a><p id=\"caption-attachment-133246\" class=\"wp-caption-text\">Von rechts nach links: Oberb\u00fcrgermeister Gerhard M\u00f6ller, Verleger Dr. Michael Imhof, Autor Elmar Schick, 1. Kreisbeigeordneten Dr. Heiko Wingenfeld.<\/p><\/div>\n<p>Fulda. Im historischen \u201eRoten Zimmer\u201c des Fuldaer Stadtschlosses stellte Elmar Schick zusammen mit Herrn Oberb\u00fcrgermeister Gerhard M\u00f6ller, dem 1. Kreisbeigeordneten Dr. Heiko Wingenfeld und dem Verleger Dr. Michael Imhof vom Michael Imhof Verlag sein Buch \u201eT\u00e4ter und ihre Opfer\u201c vor.\u00c2\u00a0Zun\u00e4chst begr\u00fc\u00dfte Oberb\u00fcrgermeister M\u00f6ller die Anwesenden und bedankte sich f\u00fcr das \u201ekompetent und auch aus eigenem Erleben\u201c verfasste Werk zur Geschichte der Diktatur des Dritten Reiches in Fulda und im Landkreis.<\/p>\n<p>Er zollte dem 92-j\u00e4hrigen Autor \u201egro\u00dfen Respekt f\u00fcr die Leistung\u201c des \u201egut lesbaren und nachvollziehbaren Textes\u201c. Der Verleger Dr. Michael Imhof verwies auf den Umfang des Standardwerkes von fast 400 Seiten, das der Zeitzeuge Elmar Schick auch f\u00fcr sp\u00e4tere Generationen geschrieben hat, da seine Generation die letzte ist, die den Naziterror und Zweiten Weltkrieg selbst erlebte.<\/p>\n<p><!--more--><\/p>\n<p>Elmar Schick, Jahrgang 1922, war 11 Jahre alt, als die\u00c2\u00a0Nationalsozialisten die Macht an sich rissen. W\u00e4hrend des Zweiten Weltkrieges diente er aus \u201ePatriotismus\u201c bei der Marine in der U-Boot-Flotte. Dort erlebte er die Brutalit\u00e4t des Krieges und die Unmenschlichkeit des Nationalsozialismus. Wegen zu langer Haare wurde er strafversetzt vom U-Boot auf ein Schiff in der Ostsee. W\u00e4hrend seine Kammeraden im U-Boot umkamen, \u00fcberlebte er den Krieg, gelangte in Kriegsgefangenschaft und wurde nach dem Krieg Lehrer u.a. an der Johannes-Hack-Schule in Petersberg. Dort begegnete Dr. Wingenfeld Herrn Schick erstmals bei der \u00dcberpr\u00fcfung seiner Schulf\u00e4higkeit im Alter von 6 Jahren.<\/p>\n<p>Mit 61 Jahren ging Herr Schick nicht nur aus gesundheitlichen Gr\u00fcnden in Pension, sondern auch, um sich seiner gro\u00dfen Leidenschaft, dem Schreiben, zu widmen. Mehrere B\u00fccher schrieb er bereits \u00fcber die \u201eStationen der Macht\u00fcbernahme\u201c durch die Nazis. Im vorliegenden Band widmet er sich gezielt den Opfern und den T\u00e4tern. Er geht auf die Vertreibung der Fuldaer Franziskaner vom Frauenberg und der H\u00fcnfelder Oblaten ein. Als ein Opfer-Beispiel greift er das Wirken von Handelsdirektor Dr. Richard Frei heraus. Einem entschiedenen Gegner des Nationalsozialismus, der sich weigerte, in die NSDAP einzutreten und erst nach Degradierung und um seine Familie durchzubringen doch eintrat. Schulleiter und Lehrer mussten der NSDAP beitreten, wenn sie ihre Position behalten oder bef\u00f6rdert werden wollten. Weiter berichtet er vom Mut des damaligen Chefredakteurs der Fuldaer Zeitung, Dr. Johannes Kramer.<\/p>\n<p>Unter den T\u00e4tern geht Schick auf die Vergehen von Dr. Karl Bell, Leiter der Fuldaer Oberschule f\u00fcr M\u00e4dchen, auf B\u00fcrgermeister Karl Ehser und Landrat Dr. Hans Burkhardt ein. Durch seine Forschung musste Schick feststellen, dass die Nazis nicht nur in den St\u00e4dten, sondern auch in den kleinsten D\u00f6rfern die Macht \u00fcbernahmen und ihr Unwesen trieben. Um weiterhin geistig rege zu bleiben, verfasst Schick auch weiterhin t\u00e4glich Texte.<\/p>\n<p>T\u00e4ter und ihre Opfer, Zur Geschichte der Diktatur des Dritten Reiches zwischen Rh\u00f6n und Vogelsberg, Elmar Schick, 16,5 x 24 cm, 384 Seiten, 149 Abbildungen, Hardcover,<br \/>\nISBN 978-3-86568-961-0, Euro (D) 24,95<\/p>\n","protected":false},"excerpt":{"rendered":"<div class=\"tmnf_excerpt\"><p>Fulda. Im historischen \u201eRoten Zimmer\u201c des Fuldaer Stadtschlosses stellte Elmar Schick zusammen mit Herrn Oberb\u00fcrgermeister Gerhard M\u00f6ller, dem 1. Kreisbeigeordneten Dr. Heiko Wingenfeld und dem Verleger Dr. Michael Imhof vom Michael Imhof Verlag sein Buch \u201eT\u00e4ter und ihre Opfer\u201c vor.\u00c2\u00a0Zun\u00e4chst begr\u00fc\u00dfte Oberb\u00fcrgermeister M\u00f6ller die Anwesenden und bedankte sich f\u00fcr das \u201ekompetent und auch aus eigenem &hellip;<\/p>\n<\/div>","protected":false},"author":1,"featured_media":0,"comment_status":"closed","ping_status":"closed","sticky":false,"template":"","format":"standard","meta":{"footnotes":""},"categories":[1,44],"tags":[],"class_list":["post-133244","post","type-post","status-publish","format-standard","hentry","category-startseite","category-kultur"],"_links":{"self":[{"href":"https:\/\/www.fuldaernachrichten.de\/index.php?rest_route=\/wp\/v2\/posts\/133244","targetHints":{"allow":["GET"]}}],"collection":[{"href":"https:\/\/www.fuldaernachrichten.de\/index.php?rest_route=\/wp\/v2\/posts"}],"about":[{"href":"https:\/\/www.fuldaernachrichten.de\/index.php?rest_route=\/wp\/v2\/types\/post"}],"author":[{"embeddable":true,"href":"https:\/\/www.fuldaernachrichten.de\/index.php?rest_route=\/wp\/v2\/users\/1"}],"replies":[{"embeddable":true,"href":"https:\/\/www.fuldaernachrichten.de\/index.php?rest_route=%2Fwp%2Fv2%2Fcomments&post=133244"}],"version-history":[{"count":8,"href":"https:\/\/www.fuldaernachrichten.de\/index.php?rest_route=\/wp\/v2\/posts\/133244\/revisions"}],"predecessor-version":[{"id":133352,"href":"https:\/\/www.fuldaernachrichten.de\/index.php?rest_route=\/wp\/v2\/posts\/133244\/revisions\/133352"}],"wp:attachment":[{"href":"https:\/\/www.fuldaernachrichten.de\/index.php?rest_route=%2Fwp%2Fv2%2Fmedia&parent=133244"}],"wp:term":[{"taxonomy":"category","embeddable":true,"href":"https:\/\/www.fuldaernachrichten.de\/index.php?rest_route=%2Fwp%2Fv2%2Fcategories&post=133244"},{"taxonomy":"post_tag","embeddable":true,"href":"https:\/\/www.fuldaernachrichten.de\/index.php?rest_route=%2Fwp%2Fv2%2Ftags&post=133244"}],"curies":[{"name":"wp","href":"https:\/\/api.w.org\/{rel}","templated":true}]}}