{"id":133200,"date":"2014-12-20T00:09:30","date_gmt":"2014-12-20T00:09:30","guid":{"rendered":"http:\/\/www.fuldaer-nachrichten.de\/?p=133200"},"modified":"2014-12-22T09:57:51","modified_gmt":"2014-12-22T08:57:51","slug":"vorsitzender-pfarrer-dr-dagobert-vonderau-seit-25-jahren-priester","status":"publish","type":"post","link":"https:\/\/www.fuldaernachrichten.de\/?p=133200","title":{"rendered":"Vorsitzender Pfarrer Dr. Dagobert Vonderau seit 25 Jahren Priester"},"content":{"rendered":"<p><img fetchpriority=\"high\" decoding=\"async\" class=\"alignnone wp-image-133212 size-full\" src=\"http:\/\/www.fuldaer-nachrichten.de\/wp-content\/uploads\/2014\/12\/dr_dagobert_vonderau_1.jpg\" alt=\"dr_dagobert_vonderau_1\" width=\"560\" height=\"360\" \/>Fulda. Am 10. September 1989 im Fuldaer Dom von Erzbischof DDr. Johannes Dyba geweiht, konnte Pfarrer <abbr title=\"Doktor\">Dr.<\/abbr> Dagobert Vonderau, Vorstandsvorsitzender des Caritasverbandes f\u00fcr die Regionen Fulda und Geisa <abbr title=\"eingetragener Verein\">e.V.<\/abbr> jetzt sein Silbernes Priesterjubil\u00e4um in zwei feierlichen Gottesdiensten am Samstag, 13.12. in seiner derzeitigen Pfarrei <abbr title=\"Sankt\">St.<\/abbr> Michael Neuhof und am 14.12. in seiner Primizkirche St. Peter und Paul Hofaschenbach feiern. Die Feierlichkeiten in Hofaschenbach begannen um 14 Uhr mit einer Eucharistiefeier, in der befreundete Priester und Diakone mitzelebrierten. Die Festpredigt hielt Spiritual Dr. Wolfgang Hartmann, der auch Mitglied des Aufsichtsrates des Di\u00f6zesan-Caritasverbandes Fulda ist. Musikalisch wurde der Gottesdienst vom M\u00e4nnergesangverein Concordia 1902 Morles e.V. mit seiner Dirigentin Doris Vogel mitgestaltet. Beim anschlie\u00dfenden Empfang im liebevoll dekorierten B\u00fcrgerhaus der Gemeinde Hofaschenbach sprachen Ortpfarrer Bernhard Merz, B\u00fcrgermeister Hermann Trabert und der Vorsitzende des Morleser M\u00e4nnergesangvereins, in dem Pfarrer Dr. Vonderau seit vielen Jahren Mitglied ist, Gru\u00dfworte.<!--more--><\/p>\n<p>Gesch\u00e4ftsf\u00fchrer Christian Reuter und der stellvertretende Vorsitzende Norbert Krimmel gratulierten dem Jubilar im Namen des Regional-Caritasverbandes mit seinem Vorstand und allen Mitarbeiterinnen und Mitarbeitern. In seinem Gru\u00dfwort betonte Christian Reuter, dass der priesterliche Dienst gleichzeitig die Berufung und Bereitschaft zum Dienst am N\u00e4chsten umschlie\u00dfe. Im Jahre 2005 habe sich Dr. Dagobert Vonderau als Vorsitzender mit gro\u00dfem Engagement und gro\u00dfer Einsatzbereitschaft in den Dienst der Caritas stellen lassen. Neue Arbeitsfelder wie die aufsuchende Sozialarbeit und die bis dato in Hessen einmalige Tagesst\u00e4tte f\u00fcr Mehrfach Abh\u00e4ngigkeitserkrankte (CMA) seien eingerichtet worden. Die schwierigste und gr\u00f6\u00dfte Aufgabe sei aber sicherlich die Verschmelzung der Caritasverb\u00e4nde f\u00fcr Stadt und Landkreis Fulda und f\u00fcr das Dekanat Geisa zum Caritasverband f\u00fcr die Regionen Fulda und Geisa gewesen. Hinzu komme noch der Umbau des Athanasius-Kircher-Hauses in Geisa. Pfarrer Dr. Vonderau habe diese Aktivit\u00e4ten als Vorsitzender unterst\u00fctzt und mitverantwortet. Der regionale Caritasverband mit seinen 180 hauptamtlichen und \u00fcber 200 ehrenamtlichen Mitarbeiterinnen und Mitarbeitern sei ein unverzichtbarer Bestandteil der sozialen Infrastruktur in der Stadt und dem Landkreis Fulda sowie dem Th\u00fcringer Teil des Bistums Fulda, im westlichen Wartburgkreis. Er sch\u00e4tze sich gl\u00fccklich, den Jubilar als Vorsitzenden zu haben und sei Pfr. Dr. Vonderau auch dankbar, dass er das Amt beim Wechsel von der Pfarrei St. Lukas am Aschenberg in Fulda nach Neuhof nicht abgegeben habe. Gesch\u00e4ftsf\u00fchrer Christian Reuter w\u00fcnschte viel Kraft, Freude und Gesundheit f\u00fcr den priesterlichen Dienst und die Caritasarbeit.<\/p>\n<p>Als Pr\u00e4sent \u00fcberreichte er eine Neuauflage des Buches \u00fcber Athanasius-Kircher, dem Universalgelehrten, ber\u00fchmtesten Sohn der Stadt Geisa und Namensgeber der Caritas-Dienstelle in Geisa sowie eine Auswahl an Produkten des Rh\u00f6ner Fruchtgenusses der Caritas-Werkstatt Haselstein.<br \/>\nPfarrer Dr. Dagobert Vonderau dankte allen, die gekommen waren, um mit ihm sein silbernes Priesterjubil\u00e4um zu feiern. Er dankte Gott, dass er ihn als seinen Diener berufen habe und seinen Eltern, die ihn allzeit auf diesem Weg unterst\u00fctzt h\u00e4tten. (Text: Winfried M\u00f6ller)<\/p>\n\n\t\t<style type=\"text\/css\">\n\t\t\t#gallery-1 {\n\t\t\t\tmargin: auto;\n\t\t\t}\n\t\t\t#gallery-1 .gallery-item {\n\t\t\t\tfloat: left;\n\t\t\t\tmargin-top: 10px;\n\t\t\t\ttext-align: center;\n\t\t\t\twidth: 33%;\n\t\t\t}\n\t\t\t#gallery-1 img {\n\t\t\t\tborder: 2px solid #cfcfcf;\n\t\t\t}\n\t\t\t#gallery-1 .gallery-caption {\n\t\t\t\tmargin-left: 0;\n\t\t\t}\n\t\t\t\/* see gallery_shortcode() in wp-includes\/media.php *\/\n\t\t<\/style>\n\t\t<div id='gallery-1' class='gallery galleryid-133200 gallery-columns-3 gallery-size-thumbnail'><dl class='gallery-item'>\n\t\t\t<dt class='gallery-icon landscape'>\n\t\t\t\t<a href='https:\/\/www.fuldaernachrichten.de\/wp-content\/uploads\/2014\/12\/dr_dagobert_vonderau_1.jpg'><img decoding=\"async\" width=\"150\" height=\"100\" src=\"https:\/\/www.fuldaernachrichten.de\/wp-content\/uploads\/2014\/12\/dr_dagobert_vonderau_1-265x176.jpg\" class=\"attachment-thumbnail size-thumbnail\" alt=\"\" srcset=\"https:\/\/www.fuldaernachrichten.de\/wp-content\/uploads\/2014\/12\/dr_dagobert_vonderau_1-265x176.jpg 265w, https:\/\/www.fuldaernachrichten.de\/wp-content\/uploads\/2014\/12\/dr_dagobert_vonderau_1.jpg 600w\" sizes=\"(max-width: 150px) 100vw, 150px\" \/><\/a>\n\t\t\t<\/dt><\/dl><dl class='gallery-item'>\n\t\t\t<dt class='gallery-icon landscape'>\n\t\t\t\t<a href='https:\/\/www.fuldaernachrichten.de\/wp-content\/uploads\/2014\/12\/dr_dagobert_vonderau_2.jpg'><img decoding=\"async\" width=\"150\" height=\"100\" src=\"https:\/\/www.fuldaernachrichten.de\/wp-content\/uploads\/2014\/12\/dr_dagobert_vonderau_2-265x176.jpg\" class=\"attachment-thumbnail size-thumbnail\" alt=\"\" srcset=\"https:\/\/www.fuldaernachrichten.de\/wp-content\/uploads\/2014\/12\/dr_dagobert_vonderau_2-265x176.jpg 265w, https:\/\/www.fuldaernachrichten.de\/wp-content\/uploads\/2014\/12\/dr_dagobert_vonderau_2.jpg 600w\" sizes=\"(max-width: 150px) 100vw, 150px\" \/><\/a>\n\t\t\t<\/dt><\/dl><dl class='gallery-item'>\n\t\t\t<dt class='gallery-icon landscape'>\n\t\t\t\t<a href='https:\/\/www.fuldaernachrichten.de\/wp-content\/uploads\/2014\/12\/dr_dagobert_vonderau_3.jpg'><img loading=\"lazy\" decoding=\"async\" width=\"150\" height=\"100\" src=\"https:\/\/www.fuldaernachrichten.de\/wp-content\/uploads\/2014\/12\/dr_dagobert_vonderau_3-265x176.jpg\" class=\"attachment-thumbnail size-thumbnail\" alt=\"\" srcset=\"https:\/\/www.fuldaernachrichten.de\/wp-content\/uploads\/2014\/12\/dr_dagobert_vonderau_3-265x176.jpg 265w, https:\/\/www.fuldaernachrichten.de\/wp-content\/uploads\/2014\/12\/dr_dagobert_vonderau_3.jpg 600w\" sizes=\"(max-width: 150px) 100vw, 150px\" \/><\/a>\n\t\t\t<\/dt><\/dl><br style=\"clear: both\" \/>\n\t\t<\/div>\n\n","protected":false},"excerpt":{"rendered":"<div class=\"tmnf_excerpt\"><p>Fulda. Am 10. September 1989 im Fuldaer Dom von Erzbischof DDr. Johannes Dyba geweiht, konnte Pfarrer Dr. Dagobert Vonderau, Vorstandsvorsitzender des Caritasverbandes f\u00fcr die Regionen Fulda und Geisa e.V. jetzt sein Silbernes Priesterjubil\u00e4um in zwei feierlichen Gottesdiensten am Samstag, 13.12. in seiner derzeitigen Pfarrei St. Michael Neuhof und am 14.12. in seiner Primizkirche St. Peter &hellip;<\/p>\n<\/div>","protected":false},"author":1,"featured_media":0,"comment_status":"closed","ping_status":"closed","sticky":false,"template":"","format":"standard","meta":{"footnotes":""},"categories":[1,78],"tags":[],"class_list":["post-133200","post","type-post","status-publish","format-standard","hentry","category-startseite","category-topthema"],"_links":{"self":[{"href":"https:\/\/www.fuldaernachrichten.de\/index.php?rest_route=\/wp\/v2\/posts\/133200","targetHints":{"allow":["GET"]}}],"collection":[{"href":"https:\/\/www.fuldaernachrichten.de\/index.php?rest_route=\/wp\/v2\/posts"}],"about":[{"href":"https:\/\/www.fuldaernachrichten.de\/index.php?rest_route=\/wp\/v2\/types\/post"}],"author":[{"embeddable":true,"href":"https:\/\/www.fuldaernachrichten.de\/index.php?rest_route=\/wp\/v2\/users\/1"}],"replies":[{"embeddable":true,"href":"https:\/\/www.fuldaernachrichten.de\/index.php?rest_route=%2Fwp%2Fv2%2Fcomments&post=133200"}],"version-history":[{"count":11,"href":"https:\/\/www.fuldaernachrichten.de\/index.php?rest_route=\/wp\/v2\/posts\/133200\/revisions"}],"predecessor-version":[{"id":133353,"href":"https:\/\/www.fuldaernachrichten.de\/index.php?rest_route=\/wp\/v2\/posts\/133200\/revisions\/133353"}],"wp:attachment":[{"href":"https:\/\/www.fuldaernachrichten.de\/index.php?rest_route=%2Fwp%2Fv2%2Fmedia&parent=133200"}],"wp:term":[{"taxonomy":"category","embeddable":true,"href":"https:\/\/www.fuldaernachrichten.de\/index.php?rest_route=%2Fwp%2Fv2%2Fcategories&post=133200"},{"taxonomy":"post_tag","embeddable":true,"href":"https:\/\/www.fuldaernachrichten.de\/index.php?rest_route=%2Fwp%2Fv2%2Ftags&post=133200"}],"curies":[{"name":"wp","href":"https:\/\/api.w.org\/{rel}","templated":true}]}}