{"id":133051,"date":"2014-12-16T00:09:41","date_gmt":"2014-12-16T00:09:41","guid":{"rendered":"http:\/\/www.fuldaer-nachrichten.de\/?p=133051"},"modified":"2014-12-15T14:56:32","modified_gmt":"2014-12-15T14:56:32","slug":"stadtteilmuetter-geben-gebrauchsanleitung-fuer-das-leben-in-deutschland","status":"publish","type":"post","link":"https:\/\/www.fuldaernachrichten.de\/?p=133051","title":{"rendered":"Stadtteilm\u00fctter geben Gebrauchsanleitung f\u00fcr das Leben in Deutschland"},"content":{"rendered":"<p><a href=\"http:\/\/www.fuldaer-nachrichten.de\/wp-content\/uploads\/2014\/12\/P1050328.jpg\"><img fetchpriority=\"high\" decoding=\"async\" class=\"alignnone size-full wp-image-133052\" src=\"http:\/\/www.fuldaer-nachrichten.de\/wp-content\/uploads\/2014\/12\/P1050328.jpg\" alt=\"P1050328\" width=\"560\" height=\"410\" \/><\/a><\/p>\n<p>Fulda. Stadtteilm\u00fctter geben Gebrauchsanleitung f\u00fcr das Leben in Deutschland. Mit dieser Zusammenfassung hat Stefan M\u00f6lleney, Leiter des Amtes f\u00fcr Jugend, Familien und Senioren der Stadt Fulda, den Inhalt des Projektes \u201eStadtteilm\u00fctter\u201c auf den Punkt gebracht. Im Rahmen einer Festveranstaltung wurde im Mehrgenerationenhaus Aschenberg der seit 7 Jahren erfolgreiche Verlauf dieser Ma\u00dfnahme gew\u00fcrdigt. Au\u00dfer den im Lauf der Zeit qualifizierten Stadtteilm\u00fcttern mit ihren Partnern waren auch zahlreiche G\u00e4ste geladen, die in ihren Ansprachen die Bedeutung des Projektes aus pers\u00f6nlicher Sicht betonten.<!--more--><\/p>\n<p>Tatyana Hirsch, die zust\u00e4ndige AWO-Projektleiterin, f\u00fchrte durch das Programm. Sie konnte aus eigener Erfahrung berichten, wie schwer es ist, seinen Platz in einem neuen Land zu finden. Nicht nur die Sprache macht Probleme, auch fremde Strukturen und Lebensstile verunsichern. Frau Hirsch war eine der ersten Frauen, die sich als Stadtteilmutter ausbilden lie\u00dfen. Nach ihrem Studium im Fachbereich Sozialwesen an der HS Fulda leitet sie mit Leib und Seele die Gruppe, die sich jeden Freitag trifft.<\/p>\n<p>Das Konzept wurde seinerzeit von Adriana Oliveira, AWO Bereichsleiterin f\u00fcr Integration und Bildung, aus Berlin mitgebracht. In ihrer Rede stellte sie heraus, dass auch Sozialp\u00e4dagogen das Rad nicht immer neu erfinden m\u00fcssen, sondern erfolgreiche Ideen von anderen Orten \u00fcbernehmen und anpassen k\u00f6nnen. Die \u201eStadtteilm\u00fctter\u201c haben ihren Ursprung in den Niederlanden.<\/p>\n<p>Frau Oliveira hat das Projekt in Fulda zum Laufen gebracht. Es ist ihr immer wieder gelungen, neue Mittel daf\u00fcr zu akquirieren, und sie schaut diesbez\u00fcglich optimistisch in die Zukunft. Die Qualifizierung macht den Frauen Mut, \u00fcber sich selbst hinaus zu wachsen. Einige haben inzwischen Arbeit gefunden oder studieren. Sie sind ein positives Beispiel f\u00fcr ihre Kinder. \u201eErziehung ist Liebe und Vorbild\u201c, sagte Frau Oliveira.<\/p>\n<p>Der wirtschaftliche Leiter der AWO, Wolfram Latsch, bedankte sich bei allen am Projekt beteiligten Mitarbeiterinnen, Referenten und Teilnehmerinnen sowie den Partnern und Unterst\u00fctzern, insbesondere der Hochschule Fulda, Frau Prof. Dr. Freytag-Leyer, Fr. Prof. Dr. habil.Monika Alisch und Frau Prof. Dr. Ritter, sowie Herrn M\u00f6lleney und Frau Ziegler-Raschdorf, die als Landesbeauftragte f\u00fcr Heimatvertriebene und Sp\u00e4taussiedler als F\u00fcrsprecherin in Wiesbaden gewirkt hat.<\/p>\n<p>Stefan M\u00f6lleney betonte, dass er extra zu dieser Feier gekommen sei, weil ihm das Projekt so wichtig ist \u2013 denn die Adventszeit h\u00e4lt er sich sonst von solchen Terminen frei. Er sieht die Stadtteilm\u00fctter als Knotenpunkte in der Vernetzung unterschiedlicher Kulturen und nachbarschaftlicher Hilfe. \u201eSolidarit\u00e4t stiften statt F\u00fcrsorge verwalten\u201c, nannte er seinen Slogan. Mit einer sch\u00f6nen Weihnachtsgeschichte beendete er seine Ansprache: ein kleiner Junge h\u00e4lt sich nicht an das Skript sondern ruft Maria und Josef hinterher: \u201eIhr k\u00f6nnt mein Zimmer haben!\u201c<\/p>\n<p>Im Lauf der Veranstaltung erz\u00e4hlten mehrere Stadtteilm\u00fctter von ihrer Situation und ihren durch das Projekt gewonnenen neuen Perspektiven. Das Programm wurde durch Klaviermusik von Vitali Jakovlev umrahmt sowie durch musikalische Beitr\u00e4ge, die Kinder der Stadtteilm\u00fctter zwischen den einzelnen Beitr\u00e4gen pr\u00e4sentierten.<\/p>\n","protected":false},"excerpt":{"rendered":"<div class=\"tmnf_excerpt\"><p>Fulda. Stadtteilm\u00fctter geben Gebrauchsanleitung f\u00fcr das Leben in Deutschland. Mit dieser Zusammenfassung hat Stefan M\u00f6lleney, Leiter des Amtes f\u00fcr Jugend, Familien und Senioren der Stadt Fulda, den Inhalt des Projektes \u201eStadtteilm\u00fctter\u201c auf den Punkt gebracht. Im Rahmen einer Festveranstaltung wurde im Mehrgenerationenhaus Aschenberg der seit 7 Jahren erfolgreiche Verlauf dieser Ma\u00dfnahme gew\u00fcrdigt. Au\u00dfer den im &hellip;<\/p>\n<\/div>","protected":false},"author":1,"featured_media":0,"comment_status":"closed","ping_status":"closed","sticky":false,"template":"","format":"standard","meta":{"footnotes":""},"categories":[1,72,78],"tags":[],"class_list":["post-133051","post","type-post","status-publish","format-standard","hentry","category-startseite","category-jugend","category-topthema"],"_links":{"self":[{"href":"https:\/\/www.fuldaernachrichten.de\/index.php?rest_route=\/wp\/v2\/posts\/133051","targetHints":{"allow":["GET"]}}],"collection":[{"href":"https:\/\/www.fuldaernachrichten.de\/index.php?rest_route=\/wp\/v2\/posts"}],"about":[{"href":"https:\/\/www.fuldaernachrichten.de\/index.php?rest_route=\/wp\/v2\/types\/post"}],"author":[{"embeddable":true,"href":"https:\/\/www.fuldaernachrichten.de\/index.php?rest_route=\/wp\/v2\/users\/1"}],"replies":[{"embeddable":true,"href":"https:\/\/www.fuldaernachrichten.de\/index.php?rest_route=%2Fwp%2Fv2%2Fcomments&post=133051"}],"version-history":[{"count":1,"href":"https:\/\/www.fuldaernachrichten.de\/index.php?rest_route=\/wp\/v2\/posts\/133051\/revisions"}],"predecessor-version":[{"id":133053,"href":"https:\/\/www.fuldaernachrichten.de\/index.php?rest_route=\/wp\/v2\/posts\/133051\/revisions\/133053"}],"wp:attachment":[{"href":"https:\/\/www.fuldaernachrichten.de\/index.php?rest_route=%2Fwp%2Fv2%2Fmedia&parent=133051"}],"wp:term":[{"taxonomy":"category","embeddable":true,"href":"https:\/\/www.fuldaernachrichten.de\/index.php?rest_route=%2Fwp%2Fv2%2Fcategories&post=133051"},{"taxonomy":"post_tag","embeddable":true,"href":"https:\/\/www.fuldaernachrichten.de\/index.php?rest_route=%2Fwp%2Fv2%2Ftags&post=133051"}],"curies":[{"name":"wp","href":"https:\/\/api.w.org\/{rel}","templated":true}]}}