{"id":132967,"date":"2014-12-13T00:09:40","date_gmt":"2014-12-13T00:09:40","guid":{"rendered":"http:\/\/www.fuldaer-nachrichten.de\/?p=132967"},"modified":"2014-12-12T13:17:06","modified_gmt":"2014-12-12T13:17:06","slug":"der-wunsch-hilft-beim-weg-6-olov-netzwerktreffen-beleuchtete-wege-huerden-und-hilfen-der-berufsorientierung","status":"publish","type":"post","link":"https:\/\/www.fuldaernachrichten.de\/?p=132967","title":{"rendered":"Der Wunsch hilft beim Weg 6. OloV-Netzwerktreffen beleuchtete Wege, H\u00fcrden und Hilfen der Berufsorientierung"},"content":{"rendered":"<p><a href=\"http:\/\/www.fuldaer-nachrichten.de\/wp-content\/uploads\/2014\/12\/141212_OloV1.jpg\"><img fetchpriority=\"high\" decoding=\"async\" class=\"alignnone size-full wp-image-132972\" src=\"http:\/\/www.fuldaer-nachrichten.de\/wp-content\/uploads\/2014\/12\/141212_OloV1.jpg\" alt=\"141212_OloV1\" width=\"560\" height=\"357\" \/><\/a><\/p>\n<p>Fulda. Wrestler, Profifu\u00dfballer oder K\u00fcnstlerin \u2013 das sind Berufe, von denen junge Menschen im Alter von 14 Jahren tr\u00e4umen. Dass es nicht selten an realistischen Berufsvorstellungen mangelt und die Entscheidung f\u00fcr eine Ausbildung deshalb schwer f\u00e4llt, wurde beim 6. OloV- Netzwerktreffen, das k\u00fcrzlich im Bonifatiushaus Fulda stattfand, deutlich.<!--more--><\/p>\n<p>Die OloV-Akteure aus Politik, Wirtschaft und Bildung unterst\u00fctzen Jugendliche beim \u00dcbergang von Schule-Beruf. Unter anderem geh\u00f6ren Berufsvorbereitungsma\u00dfnahmen in Schulen, Praktika in Betrieben, Ausbildungsmessen oder die Vermittlung von Ausbildungspl\u00e4tzen zur OloV-Strategie, die Bestandteil des hessischen Ausbildungspaktes ist.<\/p>\n<p>Was Jugendliche am \u00dcbergang Schule-Beruf planen, welche Wege die jungen Menschen gehen und welche H\u00fcrden sie dabei \u00fcberwinden m\u00fcssen, waren zentrale Fragen des Treffens. Antworten gaben Prof. Dr. Sylvia Rahn, Professorin f\u00fcr Berufsp\u00e4dagogik an der Bergischen Universit\u00e4t Wuppertal, und Dr. Tim Bru\u00cc\u02c6ggemann, Professor f\u00fcr Erziehungswissenschaft an der Universit\u00e4t M\u00fcnster. Beide Wissenschaftler pr\u00e4sentierten im Rahmen eines Vortrages aktuelle Ergebnisse aus der Berufsorientierungsforschung.<\/p>\n<p><a href=\"http:\/\/www.fuldaer-nachrichten.de\/wp-content\/uploads\/2014\/12\/141212_OloV4.jpg\"><img decoding=\"async\" class=\"alignnone size-thumbnail wp-image-132968\" src=\"http:\/\/www.fuldaer-nachrichten.de\/wp-content\/uploads\/2014\/12\/141212_OloV4-265x175.jpg\" alt=\"141212_OloV4\" width=\"265\" height=\"175\" srcset=\"https:\/\/www.fuldaernachrichten.de\/wp-content\/uploads\/2014\/12\/141212_OloV4-265x175.jpg 265w, https:\/\/www.fuldaernachrichten.de\/wp-content\/uploads\/2014\/12\/141212_OloV4.jpg 600w\" sizes=\"(max-width: 265px) 100vw, 265px\" \/><\/a><br \/>\n<a href=\"http:\/\/www.fuldaer-nachrichten.de\/wp-content\/uploads\/2014\/12\/141212_OloV2.jpg\"><img decoding=\"async\" class=\"alignnone size-thumbnail wp-image-132971\" src=\"http:\/\/www.fuldaer-nachrichten.de\/wp-content\/uploads\/2014\/12\/141212_OloV2-265x175.jpg\" alt=\"141212_OloV2\" width=\"265\" height=\"175\" srcset=\"https:\/\/www.fuldaernachrichten.de\/wp-content\/uploads\/2014\/12\/141212_OloV2-265x175.jpg 265w, https:\/\/www.fuldaernachrichten.de\/wp-content\/uploads\/2014\/12\/141212_OloV2.jpg 600w\" sizes=\"(max-width: 265px) 100vw, 265px\" \/><\/a><\/p>\n<p>Die Grundlage bildete eine L\u00e4ngsschnittstudie zum Berufswahlverhalten, die im Auftrag des Rhein-Erft-Kreises und der Agentur f\u00fcr Arbeit Br\u00fchl (Nordrhein Westfalen) durchgef\u00fchrt worden ist. 3500 Sch\u00fclerinnen und Sch\u00fcler aller Schulformen waren \u00fcber einen Zeitraum von vier Jahren zu verschiedenen Aspekten des Berufswahlverfahrens befragt worden &#8211; unter anderem nach dem angestrebten Schulabschluss, dem Berufswunsch, den verschiedenen Ma\u00dfnahmen der Berufsorientierung sowie den konkreten Bewerbungsaktivit\u00e4ten.<\/p>\n<p>Dass ein gro\u00dfer Teil der Haupt- und Realsch\u00fcler es vorzieht, vor einer Dualen Ausbildung zun\u00e4chst einen h\u00f6heren Schulabschluss zu erreichen, ist ein Ergebnis der Studie. H\u00fcrden bei der Berufswahl sind neben den fehlenden realistischen Berufsw\u00fcnschen auch unzureichende Bewerbungsaktivit\u00e4ten und fehlendes Wissen rund um den Bewerbungsfahrplan.<\/p>\n<p><a href=\"http:\/\/www.fuldaer-nachrichten.de\/wp-content\/uploads\/2014\/12\/141212_OloV6.jpg\"><img loading=\"lazy\" decoding=\"async\" class=\"alignnone size-thumbnail wp-image-132970\" src=\"http:\/\/www.fuldaer-nachrichten.de\/wp-content\/uploads\/2014\/12\/141212_OloV6-265x400.jpg\" alt=\"141212_OloV6\" width=\"265\" height=\"400\" srcset=\"https:\/\/www.fuldaernachrichten.de\/wp-content\/uploads\/2014\/12\/141212_OloV6-265x400.jpg 265w, https:\/\/www.fuldaernachrichten.de\/wp-content\/uploads\/2014\/12\/141212_OloV6-175x265.jpg 175w, https:\/\/www.fuldaernachrichten.de\/wp-content\/uploads\/2014\/12\/141212_OloV6-397x600.jpg 397w, https:\/\/www.fuldaernachrichten.de\/wp-content\/uploads\/2014\/12\/141212_OloV6.jpg 600w\" sizes=\"(max-width: 265px) 100vw, 265px\" \/><\/a><\/p>\n<p><a href=\"http:\/\/www.fuldaer-nachrichten.de\/wp-content\/uploads\/2014\/12\/141212_OloV5.jpg\"><img loading=\"lazy\" decoding=\"async\" class=\"alignnone size-thumbnail wp-image-132973\" src=\"http:\/\/www.fuldaer-nachrichten.de\/wp-content\/uploads\/2014\/12\/141212_OloV5-265x400.jpg\" alt=\"141212_OloV5\" width=\"265\" height=\"400\" srcset=\"https:\/\/www.fuldaernachrichten.de\/wp-content\/uploads\/2014\/12\/141212_OloV5-265x400.jpg 265w, https:\/\/www.fuldaernachrichten.de\/wp-content\/uploads\/2014\/12\/141212_OloV5-175x265.jpg 175w, https:\/\/www.fuldaernachrichten.de\/wp-content\/uploads\/2014\/12\/141212_OloV5-397x600.jpg 397w, https:\/\/www.fuldaernachrichten.de\/wp-content\/uploads\/2014\/12\/141212_OloV5.jpg 600w\" sizes=\"(max-width: 265px) 100vw, 265px\" \/><\/a><\/p>\n<p>Was dabei helfen k\u00f6nnte, den \u00dcbergang von Schule-Beruf besser zu gestalten, erkl\u00e4rte Prof. Dr. Tim Br\u00fcggemann: \u201eWer keinen Berufswunsch hat, hat keinen Plan. Wer einen hat, hat auch h\u00e4ufiger eine Anschlussl\u00f6sung im Kopf.\u201c Insofern k\u00f6nne die Arbeit an den Berufsw\u00fcnschen ein Lernziel in der Berufsorientierung sein. Auch ein Plan B oder C in der Berufswahl schade nicht. Zudem seien Praktika sehr hilfreich, um eine realistische Vorstellung von verschiedenen Berufen zu bekommen. \u201eDar\u00fcber hinaus ist es sinnvoll, so Prof. Dr. Sylvia Rahn, \u201edas soziale Kapital bzw. famili\u00e4re Netzwerk zu nutzen und den Berufswahlfahrplan so zu kommunizieren, dass er in allen Klassenzimmern und Elternh\u00e4usern ankommt.\u201c<\/p>\n<p><a href=\"http:\/\/www.fuldaer-nachrichten.de\/wp-content\/uploads\/2014\/12\/141212_OloV3.jpg\"><img loading=\"lazy\" decoding=\"async\" class=\"alignleft size-thumbnail wp-image-132969\" src=\"http:\/\/www.fuldaer-nachrichten.de\/wp-content\/uploads\/2014\/12\/141212_OloV3-265x175.jpg\" alt=\"141212_OloV3\" width=\"265\" height=\"175\" srcset=\"https:\/\/www.fuldaernachrichten.de\/wp-content\/uploads\/2014\/12\/141212_OloV3-265x175.jpg 265w, https:\/\/www.fuldaernachrichten.de\/wp-content\/uploads\/2014\/12\/141212_OloV3.jpg 600w\" sizes=\"(max-width: 265px) 100vw, 265px\" \/><\/a>Nach dem Vortrag der Wissenschaftler wurden verschiedene Fragen rund um die Einflussfaktoren zur Berufswahl Jugendlicher in Arbeitsgruppen diskutiert und die Ergebnisse im anschlie\u00dfenden Plenum pr\u00e4sentiert.<\/p>\n","protected":false},"excerpt":{"rendered":"<div class=\"tmnf_excerpt\"><p>Fulda. Wrestler, Profifu\u00dfballer oder K\u00fcnstlerin \u2013 das sind Berufe, von denen junge Menschen im Alter von 14 Jahren tr\u00e4umen. Dass es nicht selten an realistischen Berufsvorstellungen mangelt und die Entscheidung f\u00fcr eine Ausbildung deshalb schwer f\u00e4llt, wurde beim 6. OloV- Netzwerktreffen, das k\u00fcrzlich im Bonifatiushaus Fulda stattfand, deutlich.<\/p>\n<\/div>","protected":false},"author":1,"featured_media":0,"comment_status":"closed","ping_status":"closed","sticky":false,"template":"","format":"standard","meta":{"footnotes":""},"categories":[1,53,78],"tags":[],"class_list":["post-132967","post","type-post","status-publish","format-standard","hentry","category-startseite","category-bildung","category-topthema"],"_links":{"self":[{"href":"https:\/\/www.fuldaernachrichten.de\/index.php?rest_route=\/wp\/v2\/posts\/132967","targetHints":{"allow":["GET"]}}],"collection":[{"href":"https:\/\/www.fuldaernachrichten.de\/index.php?rest_route=\/wp\/v2\/posts"}],"about":[{"href":"https:\/\/www.fuldaernachrichten.de\/index.php?rest_route=\/wp\/v2\/types\/post"}],"author":[{"embeddable":true,"href":"https:\/\/www.fuldaernachrichten.de\/index.php?rest_route=\/wp\/v2\/users\/1"}],"replies":[{"embeddable":true,"href":"https:\/\/www.fuldaernachrichten.de\/index.php?rest_route=%2Fwp%2Fv2%2Fcomments&post=132967"}],"version-history":[{"count":2,"href":"https:\/\/www.fuldaernachrichten.de\/index.php?rest_route=\/wp\/v2\/posts\/132967\/revisions"}],"predecessor-version":[{"id":132975,"href":"https:\/\/www.fuldaernachrichten.de\/index.php?rest_route=\/wp\/v2\/posts\/132967\/revisions\/132975"}],"wp:attachment":[{"href":"https:\/\/www.fuldaernachrichten.de\/index.php?rest_route=%2Fwp%2Fv2%2Fmedia&parent=132967"}],"wp:term":[{"taxonomy":"category","embeddable":true,"href":"https:\/\/www.fuldaernachrichten.de\/index.php?rest_route=%2Fwp%2Fv2%2Fcategories&post=132967"},{"taxonomy":"post_tag","embeddable":true,"href":"https:\/\/www.fuldaernachrichten.de\/index.php?rest_route=%2Fwp%2Fv2%2Ftags&post=132967"}],"curies":[{"name":"wp","href":"https:\/\/api.w.org\/{rel}","templated":true}]}}