{"id":132952,"date":"2014-12-13T00:13:01","date_gmt":"2014-12-13T00:13:01","guid":{"rendered":"http:\/\/www.fuldaer-nachrichten.de\/?p=132952"},"modified":"2014-12-12T12:33:12","modified_gmt":"2014-12-12T12:33:12","slug":"aktion-fass-dir-ein-herz-gegen-gewalt-kekse-aus-der-schulkueche","status":"publish","type":"post","link":"https:\/\/www.fuldaernachrichten.de\/?p=132952","title":{"rendered":"Aktion \u201eFass dir ein Herz gegen Gewalt\u201c \u2013 Kekse aus der Schulk\u00fcche"},"content":{"rendered":"<div id=\"attachment_132953\" style=\"width: 275px\" class=\"wp-caption alignleft\"><a href=\"http:\/\/www.fuldaer-nachrichten.de\/wp-content\/uploads\/2014\/12\/image001.jpg\"><img decoding=\"async\" aria-describedby=\"caption-attachment-132953\" class=\"size-thumbnail wp-image-132953\" src=\"http:\/\/www.fuldaer-nachrichten.de\/wp-content\/uploads\/2014\/12\/image001-265x177.jpg\" alt=\"Die flei\u00dfigen Pl\u00e4tzchenb\u00e4cker von links: Alen, Dominic, Leon, Safeta, S\u00f6ren, Meirin, Luca (es fehlt Zoe) und Heike Hohmann (Schulbezogene Jugendsozialarbeitern an der Schule an der Wascherde). Foto: Schule an der Wascherde.  \" width=\"265\" height=\"177\" srcset=\"https:\/\/www.fuldaernachrichten.de\/wp-content\/uploads\/2014\/12\/image001-265x177.jpg 265w, https:\/\/www.fuldaernachrichten.de\/wp-content\/uploads\/2014\/12\/image001.jpg 483w\" sizes=\"(max-width: 265px) 100vw, 265px\" \/><\/a><p id=\"caption-attachment-132953\" class=\"wp-caption-text\">Die flei\u00dfigen Pl\u00e4tzchenb\u00e4cker von links: Alen, Dominic, Leon, Safeta, S\u00f6ren, Meirin,<br \/>Luca (es fehlt Zoe) und Heike Hohmann (Schulbezogene Jugendsozialarbeitern an der Schule an der Wascherde). Foto: Schule an der Wascherde.<\/p><\/div>\n<p>Vogelsbergkreis. Sch\u00fcler der Schule an der Wascherde, der Reinickendorfschule und Mitglieder des Stadtjugendparlaments trafen sich an einem Nachmittag in der Schulk\u00fcche, um mit Heike Hohmann (Schulbezogene Jugendsozialarbeit an der Schule an der Wascherde) jede Menge leckere Keksherzen zu backen. Die vorweihnachtliche Backaktion fand im Rahmen des Gewaltschutztages statt. Unter dem Motto \u201eFass dir ein Herz gegen Gewalt\u201c wurden die Pl\u00e4tzchen zusammen mit einer Postkarte an Mitsch\u00fcler und Freunde verteilt. Neben dem Spa\u00df am gemeinsamen Backen wurde nat\u00fcrlich auch intensiv \u00fcber die Thematik der Aktion diskutiert. Die Aktion \u201eFass dir ein Herz gegen Gewalt\u201c wird vom B\u00fcndnis f\u00fcr Familie im Vogelsbergkreis initiiert und gesponsert.<\/p>\n","protected":false},"excerpt":{"rendered":"<div class=\"tmnf_excerpt\"><p>Vogelsbergkreis. Sch\u00fcler der Schule an der Wascherde, der Reinickendorfschule und Mitglieder des Stadtjugendparlaments trafen sich an einem Nachmittag in der Schulk\u00fcche, um mit Heike Hohmann (Schulbezogene Jugendsozialarbeit an der Schule an der Wascherde) jede Menge leckere Keksherzen zu backen. Die vorweihnachtliche Backaktion fand im Rahmen des Gewaltschutztages statt. Unter dem Motto \u201eFass dir ein Herz &hellip;<\/p>\n<\/div>","protected":false},"author":1,"featured_media":0,"comment_status":"closed","ping_status":"closed","sticky":false,"template":"","format":"standard","meta":{"footnotes":""},"categories":[1,72],"tags":[],"class_list":["post-132952","post","type-post","status-publish","format-standard","hentry","category-startseite","category-jugend"],"_links":{"self":[{"href":"https:\/\/www.fuldaernachrichten.de\/index.php?rest_route=\/wp\/v2\/posts\/132952","targetHints":{"allow":["GET"]}}],"collection":[{"href":"https:\/\/www.fuldaernachrichten.de\/index.php?rest_route=\/wp\/v2\/posts"}],"about":[{"href":"https:\/\/www.fuldaernachrichten.de\/index.php?rest_route=\/wp\/v2\/types\/post"}],"author":[{"embeddable":true,"href":"https:\/\/www.fuldaernachrichten.de\/index.php?rest_route=\/wp\/v2\/users\/1"}],"replies":[{"embeddable":true,"href":"https:\/\/www.fuldaernachrichten.de\/index.php?rest_route=%2Fwp%2Fv2%2Fcomments&post=132952"}],"version-history":[{"count":1,"href":"https:\/\/www.fuldaernachrichten.de\/index.php?rest_route=\/wp\/v2\/posts\/132952\/revisions"}],"predecessor-version":[{"id":132954,"href":"https:\/\/www.fuldaernachrichten.de\/index.php?rest_route=\/wp\/v2\/posts\/132952\/revisions\/132954"}],"wp:attachment":[{"href":"https:\/\/www.fuldaernachrichten.de\/index.php?rest_route=%2Fwp%2Fv2%2Fmedia&parent=132952"}],"wp:term":[{"taxonomy":"category","embeddable":true,"href":"https:\/\/www.fuldaernachrichten.de\/index.php?rest_route=%2Fwp%2Fv2%2Fcategories&post=132952"},{"taxonomy":"post_tag","embeddable":true,"href":"https:\/\/www.fuldaernachrichten.de\/index.php?rest_route=%2Fwp%2Fv2%2Ftags&post=132952"}],"curies":[{"name":"wp","href":"https:\/\/api.w.org\/{rel}","templated":true}]}}