{"id":132923,"date":"2014-12-13T00:11:06","date_gmt":"2014-12-13T00:11:06","guid":{"rendered":"http:\/\/www.fuldaer-nachrichten.de\/?p=132923"},"modified":"2014-12-12T12:14:13","modified_gmt":"2014-12-12T12:14:13","slug":"vielfaeltiges-freizeiten-und-bildungsprogramm-fur-fulda","status":"publish","type":"post","link":"https:\/\/www.fuldaernachrichten.de\/?p=132923","title":{"rendered":"Vielf\u00e4ltiges Freizeiten- und Bildungsprogramm fu\u00cc\u02c6r Fulda"},"content":{"rendered":"<p><a href=\"http:\/\/www.fuldaer-nachrichten.de\/wp-content\/uploads\/2014\/12\/KSJ-Freizeit.jpg\"><img decoding=\"async\" class=\"alignleft size-thumbnail wp-image-132924\" src=\"http:\/\/www.fuldaer-nachrichten.de\/wp-content\/uploads\/2014\/12\/KSJ-Freizeit-265x177.jpg\" alt=\"KSJ-Freizeit\" width=\"265\" height=\"177\" srcset=\"https:\/\/www.fuldaernachrichten.de\/wp-content\/uploads\/2014\/12\/KSJ-Freizeit-265x177.jpg 265w, https:\/\/www.fuldaernachrichten.de\/wp-content\/uploads\/2014\/12\/KSJ-Freizeit.jpg 600w\" sizes=\"(max-width: 265px) 100vw, 265px\" \/><\/a>Fulda. Das n\u00e4chste Jahr wird fu\u00cc\u02c6r Kinder und Jugendliche aus Stadt und Landkreis Fulda spannend. Heute stellten Stadt, Landkreis, Bisch\u00f6fliches Jugendamt und der Bund der Deutschen Katholischen Jugend Fulda gemeinsam ihre neuen Jahresprogramme vor. Mehr als 250 verschiedene Freizeit- und Bildungsangebote stehen fu\u00cc\u02c6r Kinder, Jugendliche und junge Erwachsene zur Auswahl. Bu\u00cc\u02c6rgermeister Dag Wehner, der Erste Kreisbeigeordnete Dr. Heiko Wingenfeld und Jugendpfarrer Thomas Renze pr\u00e4sentierten stolz das vielf\u00e4ltige Programm. Nicht nur Ausflu\u00cc\u02c6ge und Workshops wer-den angeboten, sondern auch mehrw\u00f6chige Ferienfreizeiten, Zeltlager, Schulungen, Jugendbegeg-nungen und Bildungsreisen. Stadt, Landkreis, Bisch\u00f6fliches Jugendamt und BDKJ m\u00f6chten, dass Kin-der und Jugendliche aus allen sozialen Schichten an den Veranstaltungen teilnehmen. Ihre Teilnah-megebu\u00cc\u02c6hren gestalten sie im Gegensatz zu kommerziellen Anbietern daher fair.<!--more--><\/p>\n<p>\u201eWir m\u00f6chten allen Kindern und Jugendlichen M\u00f6glichkeiten bieten, ihre Freizeit aktiv und kreativ zu gestalten; dabei stehen Spa\u00df, Erholung, gemeinsames Lernen und Erleben in Gruppen von Gleich-altrigen im Vordergrund\u201c, betonten die drei Verantwortlichen. Beim ersten Urlaub ohne Eltern gibt es neben den bew\u00e4hrten Kinderfreizeiten in der Rh\u00f6n, am Bo-densee und auf einer Gespensterburg bei der Stadt Fulda mit Scharbeutz ein neues Reiseziel. Neben Tagesausflu\u00cc\u02c6gen in einen Freizeitpark und in ein Gro\u00dfaquarium, erwarten die Kinder unbeschwerte Badefreuden direkt am kilometerlangen Sandstrand der Ostsee. Fu\u00cc\u02c6r Teenies und Jugendliche ab 13 Jahren stehen unterschiedlichste ein- und zweiw\u00f6chige Aktivit\u00e4ten auf dem Programm.<\/p>\n<p>Mehrere Bildungsurlaubsangebote zu aktuellen politischen Themen wie Migration, Globalisierung und die Perspektiven von Deutschland in einem gemeinsamen Europa fu\u00cc\u02c6hren Schu\u00cc\u02c6lerInnen und Auszubil-dende ab 16 Jahren beispielsweise nach Amsterdam, Berlin, Hamburg und London. Der Landkreis Fulda bietet im Jahr 2015 fu\u00cc\u02c6r Jugendliche ab 15 Jahren eine alpine Wander- und Klettertour an. Im Sommer geht es fu\u00cc\u02c6r die \u00e4lteren Jugendlichen nach Schweden, um das Land und die Leute dort kennenzulernen, und fu\u00cc\u02c6r die Ju\u00cc\u02c6ngeren steht eine Kanufreizeit an der Mecklenburgischen Seenplatte auf dem Programm. In den Herbstferien ist ein Bildungsurlaub nach Hamburg geplant, bei dem es um Menschen und Waren auf Tour geht. Bei allen Freizeiten und Veranstaltungen sind auch Kinder und Jugendliche mit Handicap willkommen, da auch in diesem Bereich der Gedanken der Inklusion umgesetzt wird.<\/p>\n<p>Beim Bisch\u00f6flichen Jugendamt gibt es neben religi\u00f6sen Angeboten wie eine Fahrt nach Taiz\u00e9, Turin oder das Sommerklostercamp bei den Jugendverb\u00e4nden des BDKJ zahlreiche Zeltlager und Hausfrei-zeiten. Als weitere Angebote k\u00f6nnen sich ehrenamtlich Aktive durch unterschiedliche Kurse als GruppenleiterInnen fortbilden. Bei internationalen Jugendbegegnungen treffen sich junge Menschen aus Europa, Nordafrika und dem Nahen Osten. Ein Bildungsurlaub nach Sizilien erm\u00f6glicht Auszubildende und junge ArbeitnehmerInnen, sich mit dem Thema Flucht und Europ\u00e4ischer Grenzpolitik zu besch\u00e4ftigen.<\/p>\n<p>\u201eUnsere Veranstaltungen in den Jugendverb\u00e4nden werden vor allem von ehrenamtlich aktiven Jugendlichen getragen. Junge Menschen gestalten kompetent und verantwortungsbewusst im Sinne des peer-to-peer Prinzips aus dem christlichen Glauben heraus Angebote fu\u00cc\u02c6r andere Kinder und Jugendli-che. Gemeinschaft und Partizipation stehen bei uns an oberster Stelle\u201c, betont Jugendpfarrer und BDKJ-Pr\u00e4ses Thomas Renze.<\/p>\n<p>Die st\u00e4dtische Broschu\u00cc\u02c6re \u201eBildung und Freizeit 2015\u201c ist ab sofort im Bu\u00cc\u02c6rgerbu\u00cc\u02c6ro der Stadt Fulda sowie im Zitronenmannsg\u00e4sschen 2 in Fulda erh\u00e4ltlich. Gleichzeitig sind unter www.bildung-freizeit.de alle Ferienaktionen und Bildungsma\u00dfnahmen aufgelistet und ausfu\u00cc\u02c6hrlich beschrieben. Mit dem Anmeldestart am 24.01.2015 besteht erstmals die M\u00f6glichkeit der Online-Anmeldung. Durch diesen neuen Service entf\u00e4llt fu\u00cc\u02c6r Interessierte das aufw\u00e4ndige Ausfu\u00cc\u02c6llen, Versenden oder Vorbeibrin-gen eines Anmeldeformulars. Eltern k\u00f6nnen ihre Kinder einfach und bequem von zu Hause oder unterwegs fu\u00cc\u02c6r die gewu\u00cc\u02c6nschten Angebote anmelden.<br \/>\nDas Programm des Landkreises Fulda ist ab sofort bei der Kreisverwaltung und in allen Gemeindeverwaltungen erh\u00e4ltlich.<\/p>\n<p>Anmeldeverfahren des Landkreises Fulda ist die Online-Anmeldung. Online-Anmeldungen sind ab Samstag, 24. Januar 2015, 9.00 Uhr m\u00f6glich. Anmeldungen, die schriftlich und per Fax eingehen, k\u00f6nnen erst ab Montag, 26.01.2015 bearbeitet werden. Tel.: 0661 6006-427 oder -498, Fax: 0661 6006-412, www.landkreis-fulda.de<br \/>\nDas Jahresprogramm des Bisch\u00f6flichen Jugendamtes und des BDKJ Fulda kann ab sofort abgeholt oder kostenlos angefordert werden beim Bisch\u00f6flichen Jugendamt bzw. BDKJ-Di\u00f6zesanstelle, Paulus-tor 5, 36037 Fulda, Tel. 0661.87-395 oder 87-367. Online kann das Jahresprogramm unter www.bdkj-fulda.de und www.jugend.bistum-fulda.de abgerufen werden. Anmeldungen sind ab so-fort m\u00f6glich.<\/p>\n","protected":false},"excerpt":{"rendered":"<div class=\"tmnf_excerpt\"><p>Fulda. Das n\u00e4chste Jahr wird fu\u00cc\u02c6r Kinder und Jugendliche aus Stadt und Landkreis Fulda spannend. Heute stellten Stadt, Landkreis, Bisch\u00f6fliches Jugendamt und der Bund der Deutschen Katholischen Jugend Fulda gemeinsam ihre neuen Jahresprogramme vor. Mehr als 250 verschiedene Freizeit- und Bildungsangebote stehen fu\u00cc\u02c6r Kinder, Jugendliche und junge Erwachsene zur Auswahl. Bu\u00cc\u02c6rgermeister Dag Wehner, der Erste &hellip;<\/p>\n<\/div>","protected":false},"author":1,"featured_media":0,"comment_status":"closed","ping_status":"closed","sticky":false,"template":"","format":"standard","meta":{"footnotes":""},"categories":[1,72],"tags":[],"class_list":["post-132923","post","type-post","status-publish","format-standard","hentry","category-startseite","category-jugend"],"_links":{"self":[{"href":"https:\/\/www.fuldaernachrichten.de\/index.php?rest_route=\/wp\/v2\/posts\/132923","targetHints":{"allow":["GET"]}}],"collection":[{"href":"https:\/\/www.fuldaernachrichten.de\/index.php?rest_route=\/wp\/v2\/posts"}],"about":[{"href":"https:\/\/www.fuldaernachrichten.de\/index.php?rest_route=\/wp\/v2\/types\/post"}],"author":[{"embeddable":true,"href":"https:\/\/www.fuldaernachrichten.de\/index.php?rest_route=\/wp\/v2\/users\/1"}],"replies":[{"embeddable":true,"href":"https:\/\/www.fuldaernachrichten.de\/index.php?rest_route=%2Fwp%2Fv2%2Fcomments&post=132923"}],"version-history":[{"count":1,"href":"https:\/\/www.fuldaernachrichten.de\/index.php?rest_route=\/wp\/v2\/posts\/132923\/revisions"}],"predecessor-version":[{"id":132925,"href":"https:\/\/www.fuldaernachrichten.de\/index.php?rest_route=\/wp\/v2\/posts\/132923\/revisions\/132925"}],"wp:attachment":[{"href":"https:\/\/www.fuldaernachrichten.de\/index.php?rest_route=%2Fwp%2Fv2%2Fmedia&parent=132923"}],"wp:term":[{"taxonomy":"category","embeddable":true,"href":"https:\/\/www.fuldaernachrichten.de\/index.php?rest_route=%2Fwp%2Fv2%2Fcategories&post=132923"},{"taxonomy":"post_tag","embeddable":true,"href":"https:\/\/www.fuldaernachrichten.de\/index.php?rest_route=%2Fwp%2Fv2%2Ftags&post=132923"}],"curies":[{"name":"wp","href":"https:\/\/api.w.org\/{rel}","templated":true}]}}