{"id":132821,"date":"2014-12-10T00:12:17","date_gmt":"2014-12-10T00:12:17","guid":{"rendered":"http:\/\/www.fuldaer-nachrichten.de\/?p=132821"},"modified":"2014-12-09T16:47:43","modified_gmt":"2014-12-09T16:47:43","slug":"caritas-werkstaetten-erhielten-nach-dritter-erfolgreicher-re-zertifizierung-in-folge-die-urkunde","status":"publish","type":"post","link":"https:\/\/www.fuldaernachrichten.de\/?p=132821","title":{"rendered":"Caritas Werkst\u00e4tten erhielten nach dritter erfolgreicher Re-Zertifizierung in Folge die Urkunde"},"content":{"rendered":"<div id=\"attachment_132822\" style=\"width: 275px\" class=\"wp-caption alignleft\"><a href=\"http:\/\/www.fuldaer-nachrichten.de\/wp-content\/uploads\/2014\/12\/zu-105-cs_rezertifizierung_Werkst\u00e4tten_CS_IMG_5337.jpg\"><img decoding=\"async\" aria-describedby=\"caption-attachment-132822\" class=\"size-thumbnail wp-image-132822\" src=\"http:\/\/www.fuldaer-nachrichten.de\/wp-content\/uploads\/2014\/12\/zu-105-cs_rezertifizierung_Werkst\u00e4tten_CS_IMG_5337-265x155.jpg\" alt=\"Offizielle \u00dcbergabe der Zertifizierungsurkunde: v. li.: Erich Lange und Melanie Nasert von BSI Frankfurt, Werkstattleiter Michael Gl\u00fcber, Di\u00f6zesan-Caritasdirektor Dr. Markus Juch, Gesamtleiter Werkst\u00e4tten und Berufswege Bernd Wystrach, Werkstattratsleiter Mathias Boelken (mit Urkunde), Vorstandsmitglied Ansgar Erb, Werkstattleiter Stefan Schwobe und Michael Wehner.  \" width=\"265\" height=\"155\" \/><\/a><p id=\"caption-attachment-132822\" class=\"wp-caption-text\">Offizielle \u00dcbergabe der Zertifizierungsurkunde: v. li.: Erich Lange und Melanie Nasert von BSI Frankfurt, Werkstattleiter Michael Gl\u00fcber, Di\u00f6zesan-Caritasdirektor Dr. Markus Juch, Gesamtleiter Werkst\u00e4tten und Berufswege Bernd Wystrach, Werkstattratsleiter Mathias Boelken (mit Urkunde), Vorstandsmitglied Ansgar Erb, Werkstattleiter Stefan Schwobe und Michael Wehner.<\/p><\/div>\n<p>Fulda (cif). Seit zehn Jahren bereits arbeitet die Caritas-Behindertenhilfe Fulda mit der BSI Group Deutschland GmbH in Frankfurt zusammen, um ihre Werkst\u00e4tten nach DIN ISO 9001:2008 zu zertifizieren. Dabei m\u00fcssen die Einrichtungen im regelm\u00e4\u00dfigen Turnus nachweisen, dass die notwendigen Standards f\u00fcr das angestrebte Zertifikat eingehalten werden.<!--more--><\/p>\n<p>2014 erfolgte die dritte erfolgreiche Re-Zertifizierung, so dass BSI-Auditor Erich Lange und Melanie Nasert vom BSI-Kundenservice nun im Caritas-Haus in der Wilhelmstra\u00dfe die neue Zertifizierungsurkunde \u00fcberreichen konnten. Die Zertifizierung betrifft alle f\u00fcnf Standorte der Caritas Werkst\u00e4tten, also die Werkst\u00e4tten f\u00fcr Menschen mit Behinderungen in der St.-Vinzenz-Stra\u00dfe und in der Ratgarstra\u00dfe in Fulda, die Werkst\u00e4tten in Haselstein sowie die Carisma-Werkst\u00e4tten f\u00fcr psychisch kranke Menschen in Maberzell Zum Schulzenberg und in der Rabanusstra\u00dfe in Fuldas City (Carisma media).<\/p>\n<p>F\u00fcr die erneute Zertifizierung wurden alle Organisationsabl\u00e4ufe und Arbeitsprozesse in den Einrichtungen dem externen Audit unterzogen. Zudem finden regelm\u00e4\u00dfig interne Audits statt, die sich mit einzelnen Aspekten wie den Reha-Prozessen, den Produktionsabl\u00e4ufen, Arbeitssicherheit und Arbeitsschutz sowie den Fahrdiensten besch\u00e4ftigen. Anliegen des Zertifizierungsaudits ist es auch zu pr\u00fcfen, ob die Angebote der Einrichtungen einem so genannten kontinuierlichen Verbesserungsprozess unterliegen. Au\u00dferdem wird ein intensiver Blick auf das Risikomanagement geworfen. Die n\u00e4chste Re-Zertifizierung erfolgt im Jahr 2017.<\/p>\n","protected":false},"excerpt":{"rendered":"<div class=\"tmnf_excerpt\"><p>Fulda (cif). Seit zehn Jahren bereits arbeitet die Caritas-Behindertenhilfe Fulda mit der BSI Group Deutschland GmbH in Frankfurt zusammen, um ihre Werkst\u00e4tten nach DIN ISO 9001:2008 zu zertifizieren. Dabei m\u00fcssen die Einrichtungen im regelm\u00e4\u00dfigen Turnus nachweisen, dass die notwendigen Standards f\u00fcr das angestrebte Zertifikat eingehalten werden.<\/p>\n<\/div>","protected":false},"author":1,"featured_media":0,"comment_status":"closed","ping_status":"closed","sticky":false,"template":"","format":"standard","meta":{"footnotes":""},"categories":[1,50],"tags":[],"class_list":["post-132821","post","type-post","status-publish","format-standard","hentry","category-startseite","category-kirche"],"_links":{"self":[{"href":"https:\/\/www.fuldaernachrichten.de\/index.php?rest_route=\/wp\/v2\/posts\/132821","targetHints":{"allow":["GET"]}}],"collection":[{"href":"https:\/\/www.fuldaernachrichten.de\/index.php?rest_route=\/wp\/v2\/posts"}],"about":[{"href":"https:\/\/www.fuldaernachrichten.de\/index.php?rest_route=\/wp\/v2\/types\/post"}],"author":[{"embeddable":true,"href":"https:\/\/www.fuldaernachrichten.de\/index.php?rest_route=\/wp\/v2\/users\/1"}],"replies":[{"embeddable":true,"href":"https:\/\/www.fuldaernachrichten.de\/index.php?rest_route=%2Fwp%2Fv2%2Fcomments&post=132821"}],"version-history":[{"count":1,"href":"https:\/\/www.fuldaernachrichten.de\/index.php?rest_route=\/wp\/v2\/posts\/132821\/revisions"}],"predecessor-version":[{"id":132823,"href":"https:\/\/www.fuldaernachrichten.de\/index.php?rest_route=\/wp\/v2\/posts\/132821\/revisions\/132823"}],"wp:attachment":[{"href":"https:\/\/www.fuldaernachrichten.de\/index.php?rest_route=%2Fwp%2Fv2%2Fmedia&parent=132821"}],"wp:term":[{"taxonomy":"category","embeddable":true,"href":"https:\/\/www.fuldaernachrichten.de\/index.php?rest_route=%2Fwp%2Fv2%2Fcategories&post=132821"},{"taxonomy":"post_tag","embeddable":true,"href":"https:\/\/www.fuldaernachrichten.de\/index.php?rest_route=%2Fwp%2Fv2%2Ftags&post=132821"}],"curies":[{"name":"wp","href":"https:\/\/api.w.org\/{rel}","templated":true}]}}