{"id":132773,"date":"2014-12-09T07:01:18","date_gmt":"2014-12-09T07:01:18","guid":{"rendered":"http:\/\/www.fuldaer-nachrichten.de\/?p=132773"},"modified":"2014-12-09T07:01:18","modified_gmt":"2014-12-09T07:01:18","slug":"die-mittwochskoeche-kochen-mit-philipp","status":"publish","type":"post","link":"https:\/\/www.fuldaernachrichten.de\/?p=132773","title":{"rendered":"Die Mittwochsk\u00f6che: Kochen mit Philipp"},"content":{"rendered":"<p><a href=\"http:\/\/www.fuldaer-nachrichten.de\/wp-content\/uploads\/2014\/12\/Philipp-Stein-lacht_low_by-Torsten-Zimmermann.jpg\"><img fetchpriority=\"high\" decoding=\"async\" class=\"alignleft size-thumbnail wp-image-132774\" src=\"http:\/\/www.fuldaer-nachrichten.de\/wp-content\/uploads\/2014\/12\/Philipp-Stein-lacht_low_by-Torsten-Zimmermann-265x193.jpg\" alt=\"Philipp Stein lacht_low_by Torsten Zimmermann\" width=\"265\" height=\"193\" srcset=\"https:\/\/www.fuldaernachrichten.de\/wp-content\/uploads\/2014\/12\/Philipp-Stein-lacht_low_by-Torsten-Zimmermann-265x193.jpg 265w, https:\/\/www.fuldaernachrichten.de\/wp-content\/uploads\/2014\/12\/Philipp-Stein-lacht_low_by-Torsten-Zimmermann.jpg 600w\" sizes=\"(max-width: 265px) 100vw, 265px\" \/><\/a>Mainz. Wie wird Fleisch zart und saftig? Wie bleibt Gem\u00fcse bunt und knackig? Was verleiht der Suppe Pfiff und wie werden m\u00e4rchenhafte So\u00dfen wahr? Das alles und viel mehr kann man lernen. Aus B\u00fcchern und per Mouse Klick. Vor dem Fernsehbildschirm oder vom Meister h\u00f6chst pers\u00f6nlich. Mit dem Fr\u00fchling kommt frischer Wind in die Profik\u00fcche des Favorite Restaurants. Ab M\u00e4rz \u00f6ffnet Philipp Stein, j\u00fcngst mit einem Michelin Stern und 16 Punkten im Gault Millau dekoriert, sein Reich f\u00fcr Menschen mit Kochlust. Jeden ersten Mittwoch im Monat hei\u00dft es dann: Ran an die T\u00f6pfe. Auf dem K\u00fcchenzettel steht jeweils ein saisonales Viergang-Men\u00fc, das unter Steins Anleitung gemeinsam umgesetzt und anschlie\u00dfend in gen\u00fcsslich verspeist wird.<!--more--><\/p>\n<p>Lecker, locker und lustig soll es werden, aber auch lehrreich und nachhaltig. Gekocht wird im kleinen Kreis bis maximal 12 Personen. Um 17.00 Uhr geht&#8217;s los. Um 20.00 Uhr wird gegessen. An der langen Tafel Im Favorite Restaurant. Gerne auch mit Partnern, die als Essensg\u00e4ste eingeladen werden k\u00f6nnen. &#8220;Mit den Kochkursen erf\u00fcllen wir Herzensw\u00fcnsche. Immer wieder sind wir darauf angesprochen worden. Jetzt setzen wir die W\u00fcnsche unserer G\u00e4ste in die Tat um&#8221; sagt Philipp Stein.<\/p>\n<p><strong><em>Termine und Preise:<\/em><\/strong> Die Kochkurse starten im M\u00e4rz &#8211; immer am ersten Mittwoch im Monat. Aus terminlichen Gr\u00fcnden findet der f\u00fcr M\u00e4rz angesetzte Kochkurs ausnahmsweise am letzten Mittwoch im Monat statt. Die Teilnahmegeb\u00fchr betr\u00e4gt pro Person EUR 200,-. Eingeschlossen sind alle Waren und begleitende Getr\u00e4nke in der K\u00fcche sowie auch die korrespondierenden Weine, die zum Men\u00fc gereicht werden. Die Teilnehmer erhalten eine K\u00fcchensch\u00fcrze, eine Rezeptmappe und ein Zertifikat. Begleitende Partner, die zum Essen dazu sto\u00dfen k\u00f6nnen, zahlen EUR 100,-.<\/p>\n<p><strong><em>\u00dcber Philipp Stein<\/em><\/strong><\/p>\n<p>Seit Januar 2014 ist Philipp Stein K\u00fcchenchef im &#8220;Favorite Restaurant&#8221; in Mainz. Der Spross einer Mainzer Gastronomen-Familie ist Sch\u00fcler von Dieter M\u00fcller und hat bereits zusammen mit vielen gro\u00dfen K\u00f6chen am Herd gestanden. Jetzt f\u00fchrt er ein junges, ambitioniertes Team. Gemeinsam wollen sie ihre G\u00e4ste verw\u00f6hnen und immer wieder aufs Neue \u00fcberraschen. Mit Kreationen aus aller Welt aber auch mit den Sch\u00e4tzen der Region. Steins junge, frische Weltk\u00fcche ist raffiniert aber nicht kompliziert. Mal traditionell oder mal unkonventionell \u2013 aber immer perfekt gekocht, mit Liebe angerichtet und gutgelaunt serviert. In fairen Portionen, zu fairen Preisen.<\/p>\n<p><strong>Weitere Informationen unter <a href=\"http:\/\/www.favorite-mainz.de\/\">www.favorite-mainz.de<\/a> <\/strong><\/p>\n","protected":false},"excerpt":{"rendered":"<div class=\"tmnf_excerpt\"><p>Mainz. Wie wird Fleisch zart und saftig? Wie bleibt Gem\u00fcse bunt und knackig? Was verleiht der Suppe Pfiff und wie werden m\u00e4rchenhafte So\u00dfen wahr? Das alles und viel mehr kann man lernen. Aus B\u00fcchern und per Mouse Klick. Vor dem Fernsehbildschirm oder vom Meister h\u00f6chst pers\u00f6nlich. Mit dem Fr\u00fchling kommt frischer Wind in die Profik\u00fcche &hellip;<\/p>\n<\/div>","protected":false},"author":1,"featured_media":0,"comment_status":"closed","ping_status":"closed","sticky":false,"template":"","format":"standard","meta":{"footnotes":""},"categories":[1,37],"tags":[],"class_list":["post-132773","post","type-post","status-publish","format-standard","hentry","category-startseite","category-essen-und-trinken"],"_links":{"self":[{"href":"https:\/\/www.fuldaernachrichten.de\/index.php?rest_route=\/wp\/v2\/posts\/132773","targetHints":{"allow":["GET"]}}],"collection":[{"href":"https:\/\/www.fuldaernachrichten.de\/index.php?rest_route=\/wp\/v2\/posts"}],"about":[{"href":"https:\/\/www.fuldaernachrichten.de\/index.php?rest_route=\/wp\/v2\/types\/post"}],"author":[{"embeddable":true,"href":"https:\/\/www.fuldaernachrichten.de\/index.php?rest_route=\/wp\/v2\/users\/1"}],"replies":[{"embeddable":true,"href":"https:\/\/www.fuldaernachrichten.de\/index.php?rest_route=%2Fwp%2Fv2%2Fcomments&post=132773"}],"version-history":[{"count":1,"href":"https:\/\/www.fuldaernachrichten.de\/index.php?rest_route=\/wp\/v2\/posts\/132773\/revisions"}],"predecessor-version":[{"id":132775,"href":"https:\/\/www.fuldaernachrichten.de\/index.php?rest_route=\/wp\/v2\/posts\/132773\/revisions\/132775"}],"wp:attachment":[{"href":"https:\/\/www.fuldaernachrichten.de\/index.php?rest_route=%2Fwp%2Fv2%2Fmedia&parent=132773"}],"wp:term":[{"taxonomy":"category","embeddable":true,"href":"https:\/\/www.fuldaernachrichten.de\/index.php?rest_route=%2Fwp%2Fv2%2Fcategories&post=132773"},{"taxonomy":"post_tag","embeddable":true,"href":"https:\/\/www.fuldaernachrichten.de\/index.php?rest_route=%2Fwp%2Fv2%2Ftags&post=132773"}],"curies":[{"name":"wp","href":"https:\/\/api.w.org\/{rel}","templated":true}]}}