{"id":132659,"date":"2014-12-05T00:14:58","date_gmt":"2014-12-05T00:14:58","guid":{"rendered":"http:\/\/www.fuldaer-nachrichten.de\/?p=132659"},"modified":"2014-12-04T16:32:21","modified_gmt":"2014-12-04T16:32:21","slug":"kochen-fur-obdachlose-2014-fulda","status":"publish","type":"post","link":"https:\/\/www.fuldaernachrichten.de\/?p=132659","title":{"rendered":"\u201eKochen fu\u00cc\u02c6r Obdachlose 2014 Fulda\u201c"},"content":{"rendered":"<p>Fulda. Am 10.12.2014 um 18.00 Uhr findet, in der Geschwister-Scholl-Schule Fulda, die erste Veranstaltung \u201eKochen fu\u00cc\u02c6r Obdachlose 2014 Fulda\u201c statt. Direkt und ohne Umwege m\u00f6chte der Initiator J\u00f6rg Disse, mit vielen unterstu\u00cc\u02c6tzenden H\u00e4nden eine Veranstaltung durchfu\u00cc\u02c6hren, um die Sorgen und N\u00f6te von obdach- und wohnsitzlosen Menschen in Fulda einer breiten<br \/>\n\u00d6ffentlichkeit bekannt zu machen.<!--more--><\/p>\n<p><strong>Hintergrund der Initiative:<\/strong><br \/>\n\u201eKochen fu\u00cc\u02c6r Obdachlose\u201c hat J\u00f6rg Disse vor u\u00cc\u02c6ber zwei Jahren durch seinen Kollegen Ingo Hahnen kennengelernt. Ingo Hahnen, dessen Engagement bereits zu vielen ehrenamtlichen Initiativen in ganz Deutschland fu\u00cc\u02c6hrte, gru\u00cc\u02c6ndete die Initiative \u201eKochen fu\u00cc\u02c6r Obdachlose\u201c aus Erlebnissen seiner T\u00e4tigkeit, als freiberuflicher Ku\u00cc\u02c6chenchef in der ganzen Bundesrepublik, Ende 2011 in K\u00f6ln. \u00dcber viele Gespr\u00e4che mit ihm, konnte dem Fuldaer Unternehmer J\u00f6rg Disse einiges u\u00cc\u02c6ber diese Menschen erfahren und erfuhr, dass z. B lt. Hilfsverband BAGW vom 02.08.2013 u\u00cc\u02c6ber 284.000 Menschen, Tendenz steigend, in Deutschland kein Obdach<br \/>\nhaben. Dies ist umso erschreckender, besitzt unsere Republik ein sehr enges soziales Netz.<\/p>\n<p>Leider ist es auch der Fall, dass diese \u201eRandgruppe\u201c unserer Gesellschaft kaum in den Medien erw\u00e4hnt wird. Zu wichtig sind Ereignisse in aller Welt, wo Menschen mit sicherlich \u00e4hnlich schwierigen Situationen in Kriegs- und Entwicklungsl\u00e4ndern von Hunger, Durst und keinem Obdach, leben mu\u00cc\u02c6ssen. Dem Oecotrophologenkoch J\u00f6rg Disse dienen Cord Kelle und Dick van Beuzekom aus Hannover als Vorbild und Paradebeispiel, die durch Antenne Niedersachsen am 12. November 2014 als \u201eHelden des Alltags\u201c ausgezeichnet wurden. Ca. 7000 Essen haben die Anschlie\u00dfend den Sponsoren steht zur tatkr\u00e4ftigen Unterstu\u00cc\u02c6tzung der Verein der K\u00f6che 1921 e. V. und einige Unternehmerinnen aus dem Netzwerk \u201eRockwerk\u201c, neben vielen anderen Menschen, so auch ein Kollege, der eigens aus Alt\u00f6tting fu\u00cc\u02c6r diesen Tag anreist, zur Seite.<\/p>\n<p><strong>Das Menu\u00cc\u02c6 fu\u00cc\u02c6r diesen besonderen Tag:<\/strong><br \/>\nKu\u00cc\u02c6rbissuppe mit Croutons<br \/>\nG\u00e4nsebraten mit Rotkohl und Kl\u00f6\u00dfen<br \/>\nWeihnachtliche Zimtcreme mit frischen Fru\u00cc\u02c6chten<\/p>\n<p>Fu\u00cc\u02c6r n\u00e4here Informationen steht der Initiator J\u00f6rg Disse unter kontakt@joerg-disse.de oder die Caritas, Herr Hammer torsten.hammer@caritas-fulda.de zur Verfu\u00cc\u02c6gung.<\/p>\n","protected":false},"excerpt":{"rendered":"<div class=\"tmnf_excerpt\"><p>Fulda. Am 10.12.2014 um 18.00 Uhr findet, in der Geschwister-Scholl-Schule Fulda, die erste Veranstaltung \u201eKochen fu\u00cc\u02c6r Obdachlose 2014 Fulda\u201c statt. Direkt und ohne Umwege m\u00f6chte der Initiator J\u00f6rg Disse, mit vielen unterstu\u00cc\u02c6tzenden H\u00e4nden eine Veranstaltung durchfu\u00cc\u02c6hren, um die Sorgen und N\u00f6te von obdach- und wohnsitzlosen Menschen in Fulda einer breiten \u00d6ffentlichkeit bekannt zu machen.<\/p>\n<\/div>","protected":false},"author":1,"featured_media":0,"comment_status":"closed","ping_status":"closed","sticky":false,"template":"","format":"standard","meta":{"footnotes":""},"categories":[1,37],"tags":[],"class_list":["post-132659","post","type-post","status-publish","format-standard","hentry","category-startseite","category-essen-und-trinken"],"_links":{"self":[{"href":"https:\/\/www.fuldaernachrichten.de\/index.php?rest_route=\/wp\/v2\/posts\/132659","targetHints":{"allow":["GET"]}}],"collection":[{"href":"https:\/\/www.fuldaernachrichten.de\/index.php?rest_route=\/wp\/v2\/posts"}],"about":[{"href":"https:\/\/www.fuldaernachrichten.de\/index.php?rest_route=\/wp\/v2\/types\/post"}],"author":[{"embeddable":true,"href":"https:\/\/www.fuldaernachrichten.de\/index.php?rest_route=\/wp\/v2\/users\/1"}],"replies":[{"embeddable":true,"href":"https:\/\/www.fuldaernachrichten.de\/index.php?rest_route=%2Fwp%2Fv2%2Fcomments&post=132659"}],"version-history":[{"count":1,"href":"https:\/\/www.fuldaernachrichten.de\/index.php?rest_route=\/wp\/v2\/posts\/132659\/revisions"}],"predecessor-version":[{"id":132660,"href":"https:\/\/www.fuldaernachrichten.de\/index.php?rest_route=\/wp\/v2\/posts\/132659\/revisions\/132660"}],"wp:attachment":[{"href":"https:\/\/www.fuldaernachrichten.de\/index.php?rest_route=%2Fwp%2Fv2%2Fmedia&parent=132659"}],"wp:term":[{"taxonomy":"category","embeddable":true,"href":"https:\/\/www.fuldaernachrichten.de\/index.php?rest_route=%2Fwp%2Fv2%2Fcategories&post=132659"},{"taxonomy":"post_tag","embeddable":true,"href":"https:\/\/www.fuldaernachrichten.de\/index.php?rest_route=%2Fwp%2Fv2%2Ftags&post=132659"}],"curies":[{"name":"wp","href":"https:\/\/api.w.org\/{rel}","templated":true}]}}