{"id":132625,"date":"2014-12-05T00:09:40","date_gmt":"2014-12-05T00:09:40","guid":{"rendered":"http:\/\/www.fuldaer-nachrichten.de\/?p=132625"},"modified":"2014-12-04T14:46:06","modified_gmt":"2014-12-04T14:46:06","slug":"psychosoziale-krebsberatungsstelle-fulda-mit-erweitertem-team-wir-nehmen-uns-zeit-und-hoeren-zu","status":"publish","type":"post","link":"https:\/\/www.fuldaernachrichten.de\/?p=132625","title":{"rendered":"Psychosoziale Krebsberatungsstelle Fulda mit erweitertem Team &#8211; \u201eWir nehmen uns Zeit und h\u00f6ren zu\u201c"},"content":{"rendered":"<div id=\"attachment_132626\" style=\"width: 570px\" class=\"wp-caption alignnone\"><a href=\"http:\/\/www.fuldaer-nachrichten.de\/wp-content\/uploads\/2014\/12\/590-Krebsberatungsstelle.jpg\"><img fetchpriority=\"high\" decoding=\"async\" aria-describedby=\"caption-attachment-132626\" class=\"size-full wp-image-132626\" src=\"http:\/\/www.fuldaer-nachrichten.de\/wp-content\/uploads\/2014\/12\/590-Krebsberatungsstelle.jpg\" alt=\" Das Team der psychosozialen Krebsberatungsstelle mit Leiterin Elisabeth Werthm\u00fcller (r.) Foto: M. Traber\" width=\"560\" height=\"359\" \/><\/a><p id=\"caption-attachment-132626\" class=\"wp-caption-text\"><br \/>Das Team der psychosozialen Krebsberatungsstelle mit Leiterin Elisabeth Werthm\u00fcller (r.)<br \/>Foto: M. Traber<\/p><\/div>\n<p>Fulda. Die Diagnose Krebs ver\u00e4ndert das Leben \u2013 k\u00f6rperlich und psychisch. Die psychosoziale Krebsberatungsstelle bietet kostenfrei Unterst\u00fctzung f\u00fcr Patienten, Angeh\u00f6rige und alle, die mit der Krankheit konfrontiert werden. Wie sich die Arbeit gestaltet, erl\u00e4utert die Leiterin der Beratungsstelle Fulda, Diplom-Sozialp\u00e4dagogin Elisabeth Werthm\u00fcller, im Interview.<!--more--><\/p>\n<p><strong>Worin sehen Sie Ihre Hauptaufgabe als psychosoziale Krebsberatungsstelle?<\/strong><\/p>\n<p>Wir sind Anlaufstelle f\u00fcr Menschen in allen Phasen einer Krebserkrankung sowie f\u00fcr Angeh\u00f6rigen und Menschen im n\u00e4chsten Umfeld \u2013 auch f\u00fcr Fragen im Verhalten von und mit Kindern, die in Familien mit Erkrankten leben, haben wir spezielle Angebote. Wir m\u00f6chten Ratsuchenden zielgerichtete Hilfestellung geben, sie entlasten und ihre Lebensqualit\u00e4t steigern.<\/p>\n<p><strong>Wie viele Menschen haben Sie in diesem Jahr beraten?<\/strong><\/p>\n<p>Bis zum September gab es \u00fcber 400 Beratungskontakte, diese umfassen Telefonberatung ebenso wie das pers\u00f6nliche Gespr\u00e4ch.<\/p>\n<p><strong>Sie haben zwei neue Kolleginnen. L\u00e4sst sich daraus schlie\u00dfen, dass der Beratungsbedarf steigt?<\/strong><\/p>\n<p>Zum einen das, zum anderen ist nun eine umfassendere Beratung m\u00f6glich. Als Diplom-Sozialp\u00e4dagogin liegt mein Schwerpunkt auf psychosozialen und sozialrechtlichen Fragestellungen. Zwei Kolleginnen sind auf die psychischen Aspekte der Krebserkrankung spezialisiert. Bislang hat die Leiterin der Krebsberatungsstellen in Hessen, Diplom-Psychologin Hanna Bohnenkamp, diese Aufgabe haupts\u00e4chlich \u00fcbernommen. Irmgard Encke unterst\u00fctzt sie nun, sie ist ebenfalls Psychologin mit langj\u00e4hriger Erfahrung in diesem Bereich. Wir alle haben eine psychoonkologische Ausbildung. Simone M\u00fcller k\u00fcmmert sich als Verwaltungsfachkraft um Organisatorisches, den Schriftverkehr und Recherchen.<\/p>\n<p><strong>Wie komme ich zu einem Beratungstermin?<\/strong><\/p>\n<p>Sie rufen einfach an. Wir sind Montag bis Donnerstag von 9 Uhr bis 13 Uhr und freitags von 9 Uhr bis 12 Uhr im B\u00fcro pr\u00e4sent, h\u00f6ren aber auch jeden Tag den Anrufbeantworter ab und melden uns meistens innerhalb von 24 Stunden zur\u00fcck. Unser gro\u00dfes Anliegen ist es, das Angebot an den Bed\u00fcrfnissen der Patienten auszurichten. Termine sind individuell zu vereinbaren, auch Hausbesuche sind m\u00f6glich.<\/p>\n<p><strong>Das Angebot ist f\u00fcr Ratsuchende kostenfrei. Wie finanziert sich Ihre Arbeit?<\/strong><\/p>\n<p>Die Personalkosten werden noch bis Dezember 2016 von der Deutschen Krebshilfe im Rahmen eines F\u00f6rderprogramms gef\u00f6rdert. Die R\u00e4ume k\u00f6nnen wir dank der Unterst\u00fctzung des Landkreises Fulda mietfrei nutzen. Die Deutsche Rentenversicherung Hessen unterst\u00fctzt uns, dar\u00fcber hinaus sind wir auf Spendengelder an unseren F\u00f6rderverein sowie die Beratungsstelle angewiesen.<\/p>\n<p><strong>Mit welchen Anliegen kommen Menschen zu Ihnen?<\/strong><\/p>\n<p>\u00dcberwiegend geht es um die psychische Verarbeitung der Krankheit und ihrer Folgen. Oft beherrschen \u00c4ngste und Verunsicherung die Menschen, und wir vermitteln, dass wir uns ausreichend Zeit und Raum daf\u00fcr nehmen. Patienten mit einer fortschreitenden Krebserkrankung haben oft das Bed\u00fcrfnis, \u00fcber existenzielle Fragen zu sprechen. Die \u00dcberg\u00e4nge zwischen psychischen Belastungen und sozialrechtlich-organisatorischen Fragen sind flie\u00dfend. Viele fragen zum Beispiel \u201eWie geht es mit meiner Arbeitsstelle weiter\u201c, \u201eWie stelle ich Antr\u00e4ge zur Reha?\u201c oder \u201eWelche finanziellen Hilfen stehen mir zu?\u201c. Dem versuchen wir Rechnung zu tragen, indem uns Zeit nehmen und gemeinsam mit den Ratsuchenden L\u00f6sungen entwickeln.<\/p>\n<p><strong>Haben sich die Themen der Beratungsgespr\u00e4che in den vergangenen Jahren ver\u00e4ndert?<\/strong><\/p>\n<p>Ja. Immer mehr Menschen leben heute lange mit der Diagnose Krebs und den damit verbundenen Ver\u00e4nderungen und Einschr\u00e4nkungen. Wenn jemand nach Behandlung und Reha langsam wieder in das \u201enormale\u201c Leben zur\u00fcckfindet, geht es trotzdem oft nicht so weiter wie vor der Diagnose, etwa in Beziehungsfragen oder im Berufsleben. Es ist wichtig, dass die betroffenen Menschen nicht alleine gelassen werden, wenn sie die erforderlichen Anpassungsleistungen erbringen m\u00fcssen. Angstgef\u00fchle, Unsicherheit und Neuorientierung dauern oft l\u00e4nger, als es vom Umfeld zugestanden wird.<\/p>\n<p><strong>Kontakt:<\/strong><\/p>\n<p>Psychosoziale Krebsberatungsstelle Fulda<br \/>\nLeipziger Stra\u00dfe 6, Fulda<br \/>\nTelefon (0661)83398644<br \/>\nE-Mail <a href=\"mailto:fulda@krebsberatung-hessen.de\">fulda@krebsberatung-hessen.de<\/a><\/p>\n","protected":false},"excerpt":{"rendered":"<div class=\"tmnf_excerpt\"><p>Fulda. Die Diagnose Krebs ver\u00e4ndert das Leben \u2013 k\u00f6rperlich und psychisch. Die psychosoziale Krebsberatungsstelle bietet kostenfrei Unterst\u00fctzung f\u00fcr Patienten, Angeh\u00f6rige und alle, die mit der Krankheit konfrontiert werden. Wie sich die Arbeit gestaltet, erl\u00e4utert die Leiterin der Beratungsstelle Fulda, Diplom-Sozialp\u00e4dagogin Elisabeth Werthm\u00fcller, im Interview.<\/p>\n<\/div>","protected":false},"author":1,"featured_media":0,"comment_status":"closed","ping_status":"closed","sticky":false,"template":"","format":"standard","meta":{"footnotes":""},"categories":[1,51,78],"tags":[],"class_list":["post-132625","post","type-post","status-publish","format-standard","hentry","category-startseite","category-medizin","category-topthema"],"_links":{"self":[{"href":"https:\/\/www.fuldaernachrichten.de\/index.php?rest_route=\/wp\/v2\/posts\/132625","targetHints":{"allow":["GET"]}}],"collection":[{"href":"https:\/\/www.fuldaernachrichten.de\/index.php?rest_route=\/wp\/v2\/posts"}],"about":[{"href":"https:\/\/www.fuldaernachrichten.de\/index.php?rest_route=\/wp\/v2\/types\/post"}],"author":[{"embeddable":true,"href":"https:\/\/www.fuldaernachrichten.de\/index.php?rest_route=\/wp\/v2\/users\/1"}],"replies":[{"embeddable":true,"href":"https:\/\/www.fuldaernachrichten.de\/index.php?rest_route=%2Fwp%2Fv2%2Fcomments&post=132625"}],"version-history":[{"count":1,"href":"https:\/\/www.fuldaernachrichten.de\/index.php?rest_route=\/wp\/v2\/posts\/132625\/revisions"}],"predecessor-version":[{"id":132627,"href":"https:\/\/www.fuldaernachrichten.de\/index.php?rest_route=\/wp\/v2\/posts\/132625\/revisions\/132627"}],"wp:attachment":[{"href":"https:\/\/www.fuldaernachrichten.de\/index.php?rest_route=%2Fwp%2Fv2%2Fmedia&parent=132625"}],"wp:term":[{"taxonomy":"category","embeddable":true,"href":"https:\/\/www.fuldaernachrichten.de\/index.php?rest_route=%2Fwp%2Fv2%2Fcategories&post=132625"},{"taxonomy":"post_tag","embeddable":true,"href":"https:\/\/www.fuldaernachrichten.de\/index.php?rest_route=%2Fwp%2Fv2%2Ftags&post=132625"}],"curies":[{"name":"wp","href":"https:\/\/api.w.org\/{rel}","templated":true}]}}