{"id":132603,"date":"2014-12-04T00:09:15","date_gmt":"2014-12-04T00:09:15","guid":{"rendered":"http:\/\/www.fuldaer-nachrichten.de\/?p=132603"},"modified":"2014-12-03T14:47:19","modified_gmt":"2014-12-03T14:47:19","slug":"goldmaedel-bejubelt-yvonne-kollmann-zeigte-ausschnitte-aus-menue-anlaesslich-der-koeche-weltmeisterschaft-in-luxemburg","status":"publish","type":"post","link":"https:\/\/www.fuldaernachrichten.de\/?p=132603","title":{"rendered":"\u201eGoldm\u00e4del\u201c bejubelt: Yvonne Kollmann zeigte Ausschnitte aus Men\u00fc anl\u00e4sslich der K\u00f6che-Weltmeisterschaft in Luxemburg"},"content":{"rendered":"<div id=\"attachment_132604\" style=\"width: 610px\" class=\"wp-caption alignnone\"><a href=\"http:\/\/www.fuldaer-nachrichten.de\/wp-content\/uploads\/2014\/12\/Peterchens-Mondfahrt.jpg\"><img fetchpriority=\"high\" decoding=\"async\" aria-describedby=\"caption-attachment-132604\" class=\"size-full wp-image-132604\" src=\"http:\/\/www.fuldaer-nachrichten.de\/wp-content\/uploads\/2014\/12\/Peterchens-Mondfahrt.jpg\" alt=\"Mit dem \u201eGoldm\u00e4del\u201c Yvonne Kollmann: Rh\u00f6ner Charme-Vorstand Dieter Kehl und Gesch\u00e4ftsf\u00fchrer Boris Kiauka (rechts).\" width=\"600\" height=\"399\" srcset=\"https:\/\/www.fuldaernachrichten.de\/wp-content\/uploads\/2014\/12\/Peterchens-Mondfahrt.jpg 600w, https:\/\/www.fuldaernachrichten.de\/wp-content\/uploads\/2014\/12\/Peterchens-Mondfahrt-265x176.jpg 265w\" sizes=\"(max-width: 600px) 100vw, 600px\" \/><\/a><p id=\"caption-attachment-132604\" class=\"wp-caption-text\">Mit dem \u201eGoldm\u00e4del\u201c Yvonne Kollmann: Rh\u00f6ner Charme-Vorstand Dieter Kehl und Gesch\u00e4ftsf\u00fchrer Boris Kiauka (rechts).<\/p><\/div>\n<p>Gersfeld. Jubel auf Hessens h\u00f6chstem Berg: Mit zwei Goldmedaillen ist jetzt die deutsche Nationalmannschaft der K\u00f6che vom diesj\u00e4hrigen Culinary World Cup aus Luxemburg zur\u00fcckgekehrt. Mit von der Partie war erstmals auch eine K\u00f6chin aus der Region: Yvonne Kollmann vom Restaurant \u201ePeterchens Mondfahrt\u201c auf der Wasserkuppe hatte sich als Mitglied der deutschen Nationalmannschaft in diesem Jahr qualifiziert und feierte ihre Premiere gleich mit der Teilnahme an der Weltmeisterschaft.<!--more--><\/p>\n<p>Mit einer gro\u00dfen Party auf der Wasserkuppe wurde die geb\u00fcrtige Fuldaerin nach ihrer R\u00fcckkehr in Empfang genommen. Trotz der vorangegangenen anstrengenden Weltmeisterschaftswoche lie\u00df es sich die 38-J\u00e4hrige nicht nehmen, den G\u00e4sten w\u00e4hrend einer K\u00fcchenparty Ausz\u00fcge aus dem Weltmeistermen\u00fc in der K\u00f6nigskategorie Warme K\u00fcche vorzustellen. In seiner Laudatio hob Mitinhaber und Gesch\u00e4ftsf\u00fchrer Boris Kiauka das gro\u00dfartige Engagement seiner Mitarbeiterin hervor: \u201eAls Mitglied in der Nationalmannschaft m\u00fcssen w\u00f6chentlich zahlreiche \u00dcbungsstunden absolviert werden, die K\u00f6che treffen sich regelm\u00e4\u00dfig und w\u00e4hrend der Austragung der Weltmeisterschaft kommt der Schlaf auf jeden Fall zu kurz.\u201c<\/p>\n<p>Dass der Betrieb diesen Einsatz voll und ganz unterst\u00fctze, stellte Kiauka ebenfalls heraus: \u201eWir m\u00f6chten ein Zeichen setzen und unsere Mitarbeiter anspornen, sich auch \u00fcber den Alltag hinaus zu engagieren.\u201c Als eine Signalwirkung \u00fcber die regionalen Grenzen hinaus bezeichnete Dieter Kehl die erfolgreiche Teilnahme an der Weltmeisterschaft. \u201cWir m\u00fcssen viel st\u00e4rker verdeutlichen, dass dieser Beruf attraktiv ist, dass sich der Einsatz in der Gastronomie lohnt und Spa\u00df bereitet.\u201c<\/p>\n<p>Der Vorsitzende des Rh\u00f6ner Charme betonte mit Blickrichtung auf die angespannte Situation auf dem Ausbildungsmarkt: \u201eWir brauchen mehr junge Nachwuchskr\u00e4fte mit dem Format von Yvonne Kollmann, die f\u00fcr unseren Berufsstand ein positives Bild in der \u00d6ffentlichkeit vermitteln.\u201c Landrat Bernd Woide schloss sich den Gratulationen an: \u201eF\u00fcr die Region ist es ein Aush\u00e4ngeschild, dass auf Hessens h\u00f6chstem Berg ein Mitglied der K\u00f6che-Nationalmannschaft in der K\u00fcche Regie f\u00fchrt und die G\u00e4ste verw\u00f6hnt.\u201c Und nach der K\u00fcchenparty bedeutete vor der Party: Bejubelt wurde Yvonne Kollmann um 24 Uhr gleich nochmals &#8211; anl\u00e4sslich ihres 38. Geburtstages.<\/p>\n<p><strong>\u00c2\u00a0<\/strong><\/p>\n","protected":false},"excerpt":{"rendered":"<div class=\"tmnf_excerpt\"><p>Gersfeld. Jubel auf Hessens h\u00f6chstem Berg: Mit zwei Goldmedaillen ist jetzt die deutsche Nationalmannschaft der K\u00f6che vom diesj\u00e4hrigen Culinary World Cup aus Luxemburg zur\u00fcckgekehrt. Mit von der Partie war erstmals auch eine K\u00f6chin aus der Region: Yvonne Kollmann vom Restaurant \u201ePeterchens Mondfahrt\u201c auf der Wasserkuppe hatte sich als Mitglied der deutschen Nationalmannschaft in diesem Jahr &hellip;<\/p>\n<\/div>","protected":false},"author":1,"featured_media":0,"comment_status":"closed","ping_status":"closed","sticky":false,"template":"","format":"standard","meta":{"footnotes":""},"categories":[1,37,78],"tags":[],"class_list":["post-132603","post","type-post","status-publish","format-standard","hentry","category-startseite","category-essen-und-trinken","category-topthema"],"_links":{"self":[{"href":"https:\/\/www.fuldaernachrichten.de\/index.php?rest_route=\/wp\/v2\/posts\/132603","targetHints":{"allow":["GET"]}}],"collection":[{"href":"https:\/\/www.fuldaernachrichten.de\/index.php?rest_route=\/wp\/v2\/posts"}],"about":[{"href":"https:\/\/www.fuldaernachrichten.de\/index.php?rest_route=\/wp\/v2\/types\/post"}],"author":[{"embeddable":true,"href":"https:\/\/www.fuldaernachrichten.de\/index.php?rest_route=\/wp\/v2\/users\/1"}],"replies":[{"embeddable":true,"href":"https:\/\/www.fuldaernachrichten.de\/index.php?rest_route=%2Fwp%2Fv2%2Fcomments&post=132603"}],"version-history":[{"count":3,"href":"https:\/\/www.fuldaernachrichten.de\/index.php?rest_route=\/wp\/v2\/posts\/132603\/revisions"}],"predecessor-version":[{"id":132620,"href":"https:\/\/www.fuldaernachrichten.de\/index.php?rest_route=\/wp\/v2\/posts\/132603\/revisions\/132620"}],"wp:attachment":[{"href":"https:\/\/www.fuldaernachrichten.de\/index.php?rest_route=%2Fwp%2Fv2%2Fmedia&parent=132603"}],"wp:term":[{"taxonomy":"category","embeddable":true,"href":"https:\/\/www.fuldaernachrichten.de\/index.php?rest_route=%2Fwp%2Fv2%2Fcategories&post=132603"},{"taxonomy":"post_tag","embeddable":true,"href":"https:\/\/www.fuldaernachrichten.de\/index.php?rest_route=%2Fwp%2Fv2%2Ftags&post=132603"}],"curies":[{"name":"wp","href":"https:\/\/api.w.org\/{rel}","templated":true}]}}