{"id":132584,"date":"2014-12-04T00:13:59","date_gmt":"2014-12-04T00:13:59","guid":{"rendered":"http:\/\/www.fuldaer-nachrichten.de\/?p=132584"},"modified":"2014-12-03T14:03:34","modified_gmt":"2014-12-03T14:03:34","slug":"restaurant-pension-pane-e-olio-im-gasthof-adler-eroeffnet","status":"publish","type":"post","link":"https:\/\/www.fuldaernachrichten.de\/?p=132584","title":{"rendered":"Restaurant &#038; Pension \u201ePane e Olio\u201c im Gasthof Adler er\u00f6ffnet"},"content":{"rendered":"<div id=\"attachment_132585\" style=\"width: 275px\" class=\"wp-caption alignleft\"><a href=\"http:\/\/www.fuldaer-nachrichten.de\/wp-content\/uploads\/2014\/12\/Gastst\u00e4tte-Pane-e-Olio-Adler-0-29-11-2014.jpg\"><img decoding=\"async\" aria-describedby=\"caption-attachment-132585\" class=\"size-thumbnail wp-image-132585\" src=\"http:\/\/www.fuldaer-nachrichten.de\/wp-content\/uploads\/2014\/12\/Gastst\u00e4tte-Pane-e-Olio-Adler-0-29-11-2014-265x156.jpg\" alt=\"Georg Sch\u00f6nberg, die Familie Kakahameh (Vahed, die T\u00f6chter Leyla u. Lawen und Frau Laura Maiello), Walter Bernhardt von der Tourist-Information u. B\u00fcrgermeister Manfred Helfrich\" width=\"265\" height=\"156\" \/><\/a><p id=\"caption-attachment-132585\" class=\"wp-caption-text\">Georg Sch\u00f6nberg, die Familie Kakahameh (Vahed, die T\u00f6chter Leyla u. Lawen und Frau Laura Maiello), Walter Bernhardt von der Tourist-Information u. B\u00fcrgermeister Manfred Helfrich<\/p><\/div>\n<p>Poppenhausen (Wasserkuppe). Ende November 2014 fand im Treaditionsgasthof Adler in der Oretsmitte von Poppenhausen ein P\u00e4chterwechsel statt. Vahed Kakahameh, der hinreichend Erfahrung in der Gastronomaie besitzt, hatte sich vor einigen Monaten im Rathaus vorgestellt und sein Interesse am Betrieb einer Gastst\u00e4tte in Poppenhausen vorgetragen. Daraufhin wurde der Kontakt zu den Eigent\u00fcmern der potentiellen R\u00e4umlichkeiten hergestellt. Schlie\u00dflich verpachtete Georg Sch\u00f6nberg den Gasthof Adler an den Herrn Kakahameh, der nach einer Auffrischung der Gastr\u00e4ume Ende November Restaurant &amp; Pension \u201ePane e Olio\u201c er\u00f6ffnete.<!--more--><\/p>\n<p>B\u00fcrgermeister Manfred Helfrich gratulierte auch im Namen des Vereins f\u00fcr Tourismus zur Er\u00f6ffnung und freute sich \u00fcber das neue Angebot. Nicht nur f\u00fcr die Einheimischen, sondern auch f\u00fcr die G\u00e4ste der Tourismusgemeinde habe das gastronomische Qualit\u00e4tsangebot eine besondere Bedeutung. Als Zeichen der Verbundenheit \u00fcberreichte er ein Wappenglas mit Widmung.<\/p>\n<p>Im Obergeschoss des Gasthofes befinden sich die G\u00e4stezimmer mit insgesamt 13 Betten. Das reichhaltige Speiseangebot reicht von Schnitzelvariationen \u00fcber Fischgerichte, Pizza- und Nudelspezialit\u00e4ten bis hin zu einer Auswahl von Salaten. Die \u00d6ffnungszeiten sind t\u00e4glich von 11.00 Uhr bis 14.00 Uhr und von 17.00 Uhr \u2013 23.00 Uhr. Lieferung frei Haus ist um Umkreis von 8 km m\u00f6glich. Das Restaurant ist erreichbar unter 06658\/9187810 &#8211; www-pane-olio.de<\/p>\n<p>&nbsp;<\/p>\n","protected":false},"excerpt":{"rendered":"<div class=\"tmnf_excerpt\"><p>Poppenhausen (Wasserkuppe). Ende November 2014 fand im Treaditionsgasthof Adler in der Oretsmitte von Poppenhausen ein P\u00e4chterwechsel statt. Vahed Kakahameh, der hinreichend Erfahrung in der Gastronomaie besitzt, hatte sich vor einigen Monaten im Rathaus vorgestellt und sein Interesse am Betrieb einer Gastst\u00e4tte in Poppenhausen vorgetragen. Daraufhin wurde der Kontakt zu den Eigent\u00fcmern der potentiellen R\u00e4umlichkeiten hergestellt. &hellip;<\/p>\n<\/div>","protected":false},"author":1,"featured_media":0,"comment_status":"closed","ping_status":"closed","sticky":false,"template":"","format":"standard","meta":{"footnotes":""},"categories":[1,37],"tags":[],"class_list":["post-132584","post","type-post","status-publish","format-standard","hentry","category-startseite","category-essen-und-trinken"],"_links":{"self":[{"href":"https:\/\/www.fuldaernachrichten.de\/index.php?rest_route=\/wp\/v2\/posts\/132584","targetHints":{"allow":["GET"]}}],"collection":[{"href":"https:\/\/www.fuldaernachrichten.de\/index.php?rest_route=\/wp\/v2\/posts"}],"about":[{"href":"https:\/\/www.fuldaernachrichten.de\/index.php?rest_route=\/wp\/v2\/types\/post"}],"author":[{"embeddable":true,"href":"https:\/\/www.fuldaernachrichten.de\/index.php?rest_route=\/wp\/v2\/users\/1"}],"replies":[{"embeddable":true,"href":"https:\/\/www.fuldaernachrichten.de\/index.php?rest_route=%2Fwp%2Fv2%2Fcomments&post=132584"}],"version-history":[{"count":1,"href":"https:\/\/www.fuldaernachrichten.de\/index.php?rest_route=\/wp\/v2\/posts\/132584\/revisions"}],"predecessor-version":[{"id":132586,"href":"https:\/\/www.fuldaernachrichten.de\/index.php?rest_route=\/wp\/v2\/posts\/132584\/revisions\/132586"}],"wp:attachment":[{"href":"https:\/\/www.fuldaernachrichten.de\/index.php?rest_route=%2Fwp%2Fv2%2Fmedia&parent=132584"}],"wp:term":[{"taxonomy":"category","embeddable":true,"href":"https:\/\/www.fuldaernachrichten.de\/index.php?rest_route=%2Fwp%2Fv2%2Fcategories&post=132584"},{"taxonomy":"post_tag","embeddable":true,"href":"https:\/\/www.fuldaernachrichten.de\/index.php?rest_route=%2Fwp%2Fv2%2Ftags&post=132584"}],"curies":[{"name":"wp","href":"https:\/\/api.w.org\/{rel}","templated":true}]}}