{"id":132581,"date":"2014-12-03T00:09:09","date_gmt":"2014-12-03T00:09:09","guid":{"rendered":"http:\/\/www.fuldaer-nachrichten.de\/?p=132581"},"modified":"2014-12-02T17:50:50","modified_gmt":"2014-12-02T17:50:50","slug":"das-furstliche-gartenfest-grenzenlos-kreativ-der-schaugartenwettbewerb-2015","status":"publish","type":"post","link":"https:\/\/www.fuldaernachrichten.de\/?p=132581","title":{"rendered":"Das Fu\u00cc\u02c6rstliche Gartenfest: Grenzenlos kreativ \u2013 der Schaugartenwettbewerb 2015"},"content":{"rendered":"<p><a href=\"http:\/\/www.fuldaer-nachrichten.de\/wp-content\/uploads\/2014\/12\/PM-Schaugartenwettbewerb-2.12.14.jpg\"><img fetchpriority=\"high\" decoding=\"async\" class=\"alignnone size-full wp-image-132582\" src=\"http:\/\/www.fuldaer-nachrichten.de\/wp-content\/uploads\/2014\/12\/PM-Schaugartenwettbewerb-2.12.14.jpg\" alt=\"PM Schaugartenwettbewerb 2.12.14\" width=\"560\" height=\"359\" \/><\/a><\/p>\n<p>Fulda\/Eichenzell. Lieblingspl\u00e4tze sind so vielf\u00e4ltig wie G\u00e4rten und ihre Besitzer. Sie bieten Raum fu\u00cc\u02c6r Genuss und Ru\u00cc\u02c6ckzug \u2013 und werden zur Bu\u00cc\u02c6hne innovativer Ideen: \u201eLieblingspl\u00e4tze\u201c lautet der verhei\u00dfungsvolle Titel des 8. u\u00cc\u02c6berregionalen Schaugartenwettbewerbs, der im Rahmen des Fu\u00cc\u02c6rstlichen Gartenfests Schloss Fasanerie (Eichenzell bei Fulda) stattfindet. Basierend auf dem aktuellen Sonderthema 2015 richtet sich der Wettbewerb deutschlandweit an Landschaftsarchitekten und Planungsbu\u00cc\u02c6ros sowie an Studenten der Landschaftsarchitektur und -planung. Aus 16 eingereichten Entwu\u00cc\u02c6rfen w\u00e4hlte nun eine Fachjury die drei besten Arbeiten aus. Diese Entwu\u00cc\u02c6rfe werden in der Januar-Ausgabe der Fachzeitschrift \u00e2\u20ac\u0161Gartenpraxis\u00e2\u20ac\u02dc vorgestellt.<!--more--><\/p>\n<p>\u00e2\u20ac\u0161Gartenpraxis\u00e2\u20ac\u02dc-Abonnenten entscheiden dann bis 15. Januar 2015 daru\u00cc\u02c6ber, welcher Entwurf auf dem 16. Fu\u00cc\u02c6rstlichen Gartenfest Schloss Fasanerie pr\u00e4sentiert werden wird. Der Gewinnergarten wird an zentraler Stelle im Hofgarten in Kooperation mit der Firma Fichter Garten- und Landschaftsbau aus Magdala realisiert. \u201eWichtig war uns der Entwurf eines tempor\u00e4ren Kunstwerks mit einer g\u00e4rtnerisch anspruchsvollen Bepflanzung auf der Basis einer kreativen, schlu\u00cc\u02c6ssigen Idee\u201c, fasste Jurymitglied Jonas Reif,<br \/>\nverantwortlicher Redakteur der Fachzeitschrift \u00e2\u20ac\u0161Gartenpraxis\u00e2\u20ac\u02dc, die Auswahlkriterien zusammen.<\/p>\n<p>Au\u00dferdem soll der Schaugarten, was die Pflanzen betrifft, seine optimale Wirkung zum Gartenfest Ende Mai zeigen \u2013 eine besondere Herausforderung fu\u00cc\u02c6r die Planer. Das Niveau aller eingereichten Arbeiten sei hoch gewesen und trotzdem sei es der Jury leicht gefallen, die Finalisten zu w\u00e4hlen, so Projektleiterin Anja Heil: \u201eAlle drei Entwu\u00cc\u02c6rfe haben die Aufgabenstellung auf ganz unterschiedliche Weise perfekt und absolut u\u00cc\u02c6berzeugend erfu\u00cc\u02c6llt.\u201c Jurymitglied Prof. Swantje Duthweiler von der Hochschule Weihenstephan freut sich besonders, dass die Finalisten allesamt Studenten sind (TU Dresden und Universit\u00e4t Kassel).<\/p>\n<p>\u201eDieser Schaugartenwettbewerb ist eine wunderbare Unterstu\u00cc\u02c6tzung der Lehre an den Hochschulen. Hier k\u00f6nnen die Studenten erste Erfahrungen in Ausschreibungen und Pr\u00e4sentationen sammeln. Wird der Entwurf umgesetzt, sind sogar Einblicke in die Bauleitungspraxis m\u00f6glich.\u201c\u201ePhantasia \u2013 wenn Tr\u00e4ume fliegen lernen\u201c, \u201eIm eigenen Nest\u201c und \u201eOase inmitten des alten<br \/>\nKu\u00cc\u02c6chengartens\u201c \u2013 nicht nur die Entwu\u00cc\u02c6rfe, auch die Titel der drei besten Arbeiten sind vielversprechend. Nun darf man bis Mitte Januar gespannt sein, wie die Entscheidung der Gartenpraxis-Abonnenten lauten wird.<\/p>\n","protected":false},"excerpt":{"rendered":"<div class=\"tmnf_excerpt\"><p>Fulda\/Eichenzell. Lieblingspl\u00e4tze sind so vielf\u00e4ltig wie G\u00e4rten und ihre Besitzer. Sie bieten Raum fu\u00cc\u02c6r Genuss und Ru\u00cc\u02c6ckzug \u2013 und werden zur Bu\u00cc\u02c6hne innovativer Ideen: \u201eLieblingspl\u00e4tze\u201c lautet der verhei\u00dfungsvolle Titel des 8. u\u00cc\u02c6berregionalen Schaugartenwettbewerbs, der im Rahmen des Fu\u00cc\u02c6rstlichen Gartenfests Schloss Fasanerie (Eichenzell bei Fulda) stattfindet. Basierend auf dem aktuellen Sonderthema 2015 richtet sich der Wettbewerb &hellip;<\/p>\n<\/div>","protected":false},"author":1,"featured_media":0,"comment_status":"closed","ping_status":"closed","sticky":false,"template":"","format":"standard","meta":{"footnotes":""},"categories":[1,44,78],"tags":[],"class_list":["post-132581","post","type-post","status-publish","format-standard","hentry","category-startseite","category-kultur","category-topthema"],"_links":{"self":[{"href":"https:\/\/www.fuldaernachrichten.de\/index.php?rest_route=\/wp\/v2\/posts\/132581","targetHints":{"allow":["GET"]}}],"collection":[{"href":"https:\/\/www.fuldaernachrichten.de\/index.php?rest_route=\/wp\/v2\/posts"}],"about":[{"href":"https:\/\/www.fuldaernachrichten.de\/index.php?rest_route=\/wp\/v2\/types\/post"}],"author":[{"embeddable":true,"href":"https:\/\/www.fuldaernachrichten.de\/index.php?rest_route=\/wp\/v2\/users\/1"}],"replies":[{"embeddable":true,"href":"https:\/\/www.fuldaernachrichten.de\/index.php?rest_route=%2Fwp%2Fv2%2Fcomments&post=132581"}],"version-history":[{"count":1,"href":"https:\/\/www.fuldaernachrichten.de\/index.php?rest_route=\/wp\/v2\/posts\/132581\/revisions"}],"predecessor-version":[{"id":132583,"href":"https:\/\/www.fuldaernachrichten.de\/index.php?rest_route=\/wp\/v2\/posts\/132581\/revisions\/132583"}],"wp:attachment":[{"href":"https:\/\/www.fuldaernachrichten.de\/index.php?rest_route=%2Fwp%2Fv2%2Fmedia&parent=132581"}],"wp:term":[{"taxonomy":"category","embeddable":true,"href":"https:\/\/www.fuldaernachrichten.de\/index.php?rest_route=%2Fwp%2Fv2%2Fcategories&post=132581"},{"taxonomy":"post_tag","embeddable":true,"href":"https:\/\/www.fuldaernachrichten.de\/index.php?rest_route=%2Fwp%2Fv2%2Ftags&post=132581"}],"curies":[{"name":"wp","href":"https:\/\/api.w.org\/{rel}","templated":true}]}}