{"id":132550,"date":"2014-12-03T00:13:05","date_gmt":"2014-12-03T00:13:05","guid":{"rendered":"http:\/\/www.fuldaer-nachrichten.de\/?p=132550"},"modified":"2014-12-02T15:04:05","modified_gmt":"2014-12-02T15:04:05","slug":"565-000-euro-fuer-barrierefreie-bushaltestellen-in-fulda","status":"publish","type":"post","link":"https:\/\/www.fuldaernachrichten.de\/?p=132550","title":{"rendered":"565.000 Euro f\u00fcr barrierefreie Bushaltestellen in Fulda"},"content":{"rendered":"<p>Fulda. Mit einem Landeszuschuss von knapp 565.000 Euro kann die Stadt Fulda 17 Bus\u00c2\u00adhaltes\u00c2\u00adtellen barrierefrei umbauen. Dies teilte Wirtschafts- und Verkehrsminister Tarek Al-Wazir am Dienstag in Wiesbaden mit. Das Land Hessen tr\u00e4gt damit fast drei Viertel\u00c2\u00a0 der Gesamtkosten von 770.000 Euro. Die Haltestellen werden mit 18 Zentimeter hohen Bordsteinen ausgestattet, damit Rollstuhlfahrer sowie Fahrg\u00e4ste mit Kinderwagen oder Gep\u00e4ck bequem ein- und aussteigen k\u00f6nnen. Blindenleitstreifen im Bodenbelag erleichtern Sehbehinderten die Orientierung. An 13 Haltestellen sind zudem neue transparente und beleuchtete Fahrgastunterst\u00e4nde geplant.<!--more--><\/p>\n<p>Die Bauarbeiten beginnen voraussichtlich im April und sollen bis November 2015 abgeschlossen sein. Die Stadt Fulda verfolgt schrittweise die barrierefreie Umgestaltung aller Bushaltestellen. In den sechs bisherigen Umbauabschnitten wurden bereits 96 Haltestellen umger\u00fcstet. Von den Gesamtkosten f\u00fcr diese Ma\u00dfnahmen, die bei rund zwei Millionen Euro lagen, hat das Land Hessen rund 1,4 Millionen Euro \u00fcbernommen.<\/p>\n","protected":false},"excerpt":{"rendered":"<div class=\"tmnf_excerpt\"><p>Fulda. Mit einem Landeszuschuss von knapp 565.000 Euro kann die Stadt Fulda 17 Bus\u00c2\u00adhaltes\u00c2\u00adtellen barrierefrei umbauen. Dies teilte Wirtschafts- und Verkehrsminister Tarek Al-Wazir am Dienstag in Wiesbaden mit. Das Land Hessen tr\u00e4gt damit fast drei Viertel\u00c2\u00a0 der Gesamtkosten von 770.000 Euro. Die Haltestellen werden mit 18 Zentimeter hohen Bordsteinen ausgestattet, damit Rollstuhlfahrer sowie Fahrg\u00e4ste mit &hellip;<\/p>\n<\/div>","protected":false},"author":1,"featured_media":0,"comment_status":"closed","ping_status":"closed","sticky":false,"template":"","format":"standard","meta":{"footnotes":""},"categories":[1,35],"tags":[],"class_list":["post-132550","post","type-post","status-publish","format-standard","hentry","category-startseite","category-auto"],"_links":{"self":[{"href":"https:\/\/www.fuldaernachrichten.de\/index.php?rest_route=\/wp\/v2\/posts\/132550","targetHints":{"allow":["GET"]}}],"collection":[{"href":"https:\/\/www.fuldaernachrichten.de\/index.php?rest_route=\/wp\/v2\/posts"}],"about":[{"href":"https:\/\/www.fuldaernachrichten.de\/index.php?rest_route=\/wp\/v2\/types\/post"}],"author":[{"embeddable":true,"href":"https:\/\/www.fuldaernachrichten.de\/index.php?rest_route=\/wp\/v2\/users\/1"}],"replies":[{"embeddable":true,"href":"https:\/\/www.fuldaernachrichten.de\/index.php?rest_route=%2Fwp%2Fv2%2Fcomments&post=132550"}],"version-history":[{"count":1,"href":"https:\/\/www.fuldaernachrichten.de\/index.php?rest_route=\/wp\/v2\/posts\/132550\/revisions"}],"predecessor-version":[{"id":132551,"href":"https:\/\/www.fuldaernachrichten.de\/index.php?rest_route=\/wp\/v2\/posts\/132550\/revisions\/132551"}],"wp:attachment":[{"href":"https:\/\/www.fuldaernachrichten.de\/index.php?rest_route=%2Fwp%2Fv2%2Fmedia&parent=132550"}],"wp:term":[{"taxonomy":"category","embeddable":true,"href":"https:\/\/www.fuldaernachrichten.de\/index.php?rest_route=%2Fwp%2Fv2%2Fcategories&post=132550"},{"taxonomy":"post_tag","embeddable":true,"href":"https:\/\/www.fuldaernachrichten.de\/index.php?rest_route=%2Fwp%2Fv2%2Ftags&post=132550"}],"curies":[{"name":"wp","href":"https:\/\/api.w.org\/{rel}","templated":true}]}}