{"id":132514,"date":"2014-12-02T00:06:39","date_gmt":"2014-12-02T00:06:39","guid":{"rendered":"http:\/\/www.fuldaer-nachrichten.de\/?p=132514"},"modified":"2014-12-02T07:10:45","modified_gmt":"2014-12-02T07:10:45","slug":"abfallwirtschaft-des-landkreises-fulda-richtet-verschenke-markt-ein-neues-internetportal-gestartet","status":"publish","type":"post","link":"https:\/\/www.fuldaernachrichten.de\/?p=132514","title":{"rendered":"Abfallwirtschaft des Landkreises Fulda richtet \u201eVerschenke-Markt\u201c ein &#8211; Neues Internetportal gestartet"},"content":{"rendered":"<div id=\"attachment_132515\" style=\"width: 570px\" class=\"wp-caption alignnone\"><a href=\"http:\/\/www.fuldaer-nachrichten.de\/wp-content\/uploads\/2014\/12\/587-Verschenke-Markt.jpg\"><img fetchpriority=\"high\" decoding=\"async\" aria-describedby=\"caption-attachment-132515\" class=\"size-full wp-image-132515\" src=\"http:\/\/www.fuldaer-nachrichten.de\/wp-content\/uploads\/2014\/12\/587-Verschenke-Markt.jpg\" alt=\"Hoffen auf m\u00f6glichst viele Eintr\u00e4ge im neuen Internetportal, damit gut Erhaltenes nicht mehr entsorgt werden muss. Erster Kreisbeigeordneter Dr. Heiko Wingenfeld, Sachbearbeiterin Mechthild Heres und der Fachdienstleiter Abfallwirtschaft, Claus-Dieter Blachnik (v.r.)    Foto: M. Traber \" width=\"560\" height=\"359\" \/><\/a><p id=\"caption-attachment-132515\" class=\"wp-caption-text\">Hoffen auf m\u00f6glichst viele Eintr\u00e4ge im neuen Internetportal, damit gut Erhaltenes nicht mehr entsorgt werden muss. Erster Kreisbeigeordneter Dr. Heiko Wingenfeld, Sachbearbeiterin Mechthild Heres und der Fachdienstleiter Abfallwirtschaft, Claus-Dieter Blachnik (v.r.)<br \/>Foto: M. Traber<\/p><\/div>\n<p>Fulda. Durch die rasante technische Entwicklung veralten Gebrauchsgegenst\u00e4nde schnell und werden durch neuere Ausf\u00fchrungen ersetzt, die mehr k\u00f6nnen oder besser funktionieren als die bisher genutzten. Aber auch aufgrund ver\u00e4nderter Lebensgewohnheiten oder aktueller Trends ben\u00f6tigen wir viele Gebrauchs- und Einrichtungsgegenst\u00e4nde nicht mehr.<!--more--><\/p>\n<p>Oft funktionieren ausrangierte Gegenst\u00e4nde aber noch tadellos und k\u00f6nnten problemlos weitergenutzt werden. Was f\u00fcr die einen nutzlos geworden ist, wird von anderen gesucht, vielleicht als Sammlerst\u00fcck oder weil sie ansonsten finanziell nicht in der Lage w\u00e4ren, sich solche Gegenst\u00e4nde zu leisten. Viele denken oft gar nicht daran, dass ausrangierte Gegenst\u00e4nde f\u00fcr jemand anderen noch von Nutzen sein oder bei gemeinn\u00fctzigen Projekten gute Dienste verrichten k\u00f6nnten.<\/p>\n<p>H\u00e4ufig landen Gegenst\u00e4nde nur deshalb im Abfall, weil man nichts von der Verwendungsm\u00f6glichkeit f\u00fcr andere wei\u00df. Um Angebot und Nachfrage k\u00fcnftig besser und ortsnah zusammenzuf\u00fchren, hat der Fachdienst Abfallwirtschaft der Kreisverwaltung einen virtuellen \u201eVerschenke-Markt\u201c eingerichtet. Das Internetportal steht ab 1. Dezember auf der Startseite von <a href=\"http:\/\/www.abfallwirtschaft-landkreis-fulda.de\">www.abfallwirtschaft-landkreis-fulda.de<\/a> zur Verf\u00fcgung und soll zun\u00e4chst f\u00fcr ein Jahr getestet werden.<\/p>\n<p>\u00dcber das neue Serviceangebot des Landkreises k\u00f6nnen k\u00fcnftig kostenfrei Gegenst\u00e4nde verschenkt oder gesucht werden. Gut erhaltene M\u00f6bel, funktionsf\u00e4hige Elektroger\u00e4te, Gebrauchs- oder Einrichtungsgegenst\u00e4nde, nicht mehr ben\u00f6tigte Spielsachen oder Reste von Baumaterialien m\u00fcssen so nicht l\u00e4nger unn\u00f6tig entsorgt werden. Vielleicht finden sie durch den \u201eVerschenke-Markt\u201c einen neuen Besitzer, der sie gut gebrauchen kann und noch lange Freude daran hat.<\/p>\n<p>Zwar gibt es im Internet zahlreiche Kleinanzeigenportale, \u00fcber die Gegenst\u00e4nde zum Verkauf angeboten werden k\u00f6nnen. Viele scheuen diese Portale wegen der damit oft verbundenen Kosten oder weil sie f\u00fcr die ausrangierten Gegenst\u00e4nde keinen Gegenwert haben wollen. Auch deshalb sollen die bestehenden Angebote um eine kostenfreie, regionale M\u00f6glichkeit zum Verschenken gebrauchter oder nicht mehr ben\u00f6tigter Gegenst\u00e4nde erg\u00e4nzt werden.<\/p>\n<p>Erster Kreisbeigeordneter Dr. Heiko Wingenfeld als Abfalldezernent des Landkreises l\u00e4dt dazu ein, das neue Internetportal flei\u00dfig zu nutzen, und hofft auf m\u00f6glichst viele Eintr\u00e4ge. \u201eJeder erfolgreiche Besitzerwechsel zahlt sich gleich mehrfach aus: Entsorgungskosten werden gespart, gebrauchsf\u00e4hige Produkte nicht unn\u00f6tig vernichtet sowie Ressourcen geschont. Und schlie\u00dflich freut sich der neue Benutzer \u00fcber ein vielleicht lange gesuchtes Produkt.\u201c<\/p>\n","protected":false},"excerpt":{"rendered":"<div class=\"tmnf_excerpt\"><p>Fulda. Durch die rasante technische Entwicklung veralten Gebrauchsgegenst\u00e4nde schnell und werden durch neuere Ausf\u00fchrungen ersetzt, die mehr k\u00f6nnen oder besser funktionieren als die bisher genutzten. Aber auch aufgrund ver\u00e4nderter Lebensgewohnheiten oder aktueller Trends ben\u00f6tigen wir viele Gebrauchs- und Einrichtungsgegenst\u00e4nde nicht mehr.<\/p>\n<\/div>","protected":false},"author":1,"featured_media":0,"comment_status":"closed","ping_status":"closed","sticky":false,"template":"","format":"standard","meta":{"footnotes":""},"categories":[1,78,52],"tags":[],"class_list":["post-132514","post","type-post","status-publish","format-standard","hentry","category-startseite","category-topthema","category-umwelt"],"_links":{"self":[{"href":"https:\/\/www.fuldaernachrichten.de\/index.php?rest_route=\/wp\/v2\/posts\/132514","targetHints":{"allow":["GET"]}}],"collection":[{"href":"https:\/\/www.fuldaernachrichten.de\/index.php?rest_route=\/wp\/v2\/posts"}],"about":[{"href":"https:\/\/www.fuldaernachrichten.de\/index.php?rest_route=\/wp\/v2\/types\/post"}],"author":[{"embeddable":true,"href":"https:\/\/www.fuldaernachrichten.de\/index.php?rest_route=\/wp\/v2\/users\/1"}],"replies":[{"embeddable":true,"href":"https:\/\/www.fuldaernachrichten.de\/index.php?rest_route=%2Fwp%2Fv2%2Fcomments&post=132514"}],"version-history":[{"count":1,"href":"https:\/\/www.fuldaernachrichten.de\/index.php?rest_route=\/wp\/v2\/posts\/132514\/revisions"}],"predecessor-version":[{"id":132516,"href":"https:\/\/www.fuldaernachrichten.de\/index.php?rest_route=\/wp\/v2\/posts\/132514\/revisions\/132516"}],"wp:attachment":[{"href":"https:\/\/www.fuldaernachrichten.de\/index.php?rest_route=%2Fwp%2Fv2%2Fmedia&parent=132514"}],"wp:term":[{"taxonomy":"category","embeddable":true,"href":"https:\/\/www.fuldaernachrichten.de\/index.php?rest_route=%2Fwp%2Fv2%2Fcategories&post=132514"},{"taxonomy":"post_tag","embeddable":true,"href":"https:\/\/www.fuldaernachrichten.de\/index.php?rest_route=%2Fwp%2Fv2%2Ftags&post=132514"}],"curies":[{"name":"wp","href":"https:\/\/api.w.org\/{rel}","templated":true}]}}