{"id":132500,"date":"2014-12-02T00:12:56","date_gmt":"2014-12-02T00:12:56","guid":{"rendered":"http:\/\/www.fuldaer-nachrichten.de\/?p=132500"},"modified":"2014-12-01T17:09:14","modified_gmt":"2014-12-01T17:09:14","slug":"weihnachtsmarkt-der-muetze","status":"publish","type":"post","link":"https:\/\/www.fuldaernachrichten.de\/?p=132500","title":{"rendered":"Weihnachtsmarkt \u201eDer M\u00dcTZE\u201c"},"content":{"rendered":"<p>Fulda. Der F\u00f6rderverein der Bildungs- und Begegnungsst\u00e4tte M\u00fctterzentrum Fulda e. V. veranstaltet am Samstag, 06.12.14 in der Zeit von 14.00 \u2013 17.00 Uhr erstmalig im Bereich des Au\u00dfengel\u00e4ndes \u201eDer M\u00dcTZE\u201c, Gallasiniring 8, in Fulda einen Weihnachtsmarkt. Unter dem Motto \u201eKlein aber fein\u201c kann man hier in angenehmer Runde die Weihnachtszeit genie\u00dfen. F\u00fcr das leibliche Wohl ist gesorgt. Au\u00dferdem werden kleine weihnachtliche Basteleien und Kulinarisches angeboten.<\/p>\n","protected":false},"excerpt":{"rendered":"<div class=\"tmnf_excerpt\"><p>Fulda. Der F\u00f6rderverein der Bildungs- und Begegnungsst\u00e4tte M\u00fctterzentrum Fulda e. V. veranstaltet am Samstag, 06.12.14 in der Zeit von 14.00 \u2013 17.00 Uhr erstmalig im Bereich des Au\u00dfengel\u00e4ndes \u201eDer M\u00dcTZE\u201c, Gallasiniring 8, in Fulda einen Weihnachtsmarkt. Unter dem Motto \u201eKlein aber fein\u201c kann man hier in angenehmer Runde die Weihnachtszeit genie\u00dfen. F\u00fcr das leibliche Wohl &hellip;<\/p>\n<\/div>","protected":false},"author":1,"featured_media":0,"comment_status":"closed","ping_status":"closed","sticky":false,"template":"","format":"standard","meta":{"footnotes":""},"categories":[1,72],"tags":[],"class_list":["post-132500","post","type-post","status-publish","format-standard","hentry","category-startseite","category-jugend"],"_links":{"self":[{"href":"https:\/\/www.fuldaernachrichten.de\/index.php?rest_route=\/wp\/v2\/posts\/132500","targetHints":{"allow":["GET"]}}],"collection":[{"href":"https:\/\/www.fuldaernachrichten.de\/index.php?rest_route=\/wp\/v2\/posts"}],"about":[{"href":"https:\/\/www.fuldaernachrichten.de\/index.php?rest_route=\/wp\/v2\/types\/post"}],"author":[{"embeddable":true,"href":"https:\/\/www.fuldaernachrichten.de\/index.php?rest_route=\/wp\/v2\/users\/1"}],"replies":[{"embeddable":true,"href":"https:\/\/www.fuldaernachrichten.de\/index.php?rest_route=%2Fwp%2Fv2%2Fcomments&post=132500"}],"version-history":[{"count":1,"href":"https:\/\/www.fuldaernachrichten.de\/index.php?rest_route=\/wp\/v2\/posts\/132500\/revisions"}],"predecessor-version":[{"id":132501,"href":"https:\/\/www.fuldaernachrichten.de\/index.php?rest_route=\/wp\/v2\/posts\/132500\/revisions\/132501"}],"wp:attachment":[{"href":"https:\/\/www.fuldaernachrichten.de\/index.php?rest_route=%2Fwp%2Fv2%2Fmedia&parent=132500"}],"wp:term":[{"taxonomy":"category","embeddable":true,"href":"https:\/\/www.fuldaernachrichten.de\/index.php?rest_route=%2Fwp%2Fv2%2Fcategories&post=132500"},{"taxonomy":"post_tag","embeddable":true,"href":"https:\/\/www.fuldaernachrichten.de\/index.php?rest_route=%2Fwp%2Fv2%2Ftags&post=132500"}],"curies":[{"name":"wp","href":"https:\/\/api.w.org\/{rel}","templated":true}]}}