{"id":1324,"date":"2007-02-04T00:01:00","date_gmt":"2007-02-03T23:01:00","guid":{"rendered":"http:\/\/www.schoene-nachrichten.de\/?p=1324"},"modified":"2007-02-04T00:01:00","modified_gmt":"2007-02-03T23:01:00","slug":"58-jugendsammelwoche-vom-23-marz-bis-1-april","status":"publish","type":"post","link":"https:\/\/www.fuldaernachrichten.de\/?p=1324","title":{"rendered":"58. Jugendsammelwoche vom 23. M\u00e4rz bis 1. April"},"content":{"rendered":"<p><strong>Sch\u00f6nes aus Fulda.<\/strong> Die Jugendsammelwoche ist die \u00e4lteste Spendensammlung seit Gr\u00fcndung des Bundeslandes Hessen. Ziel der Jugendsammelwoche ist es, die ehrenamtlich geleistete Kinder- und Jugendarbeit in hessischen Vereinen und Verb\u00e4nden zu unterst\u00fctzen. In diesem Jahr werden Sammlerinnen und Sammler vom 23. M\u00e4rz bis zum 1. April 2007 in Hessen f\u00fcr Projekte der Kinder- und Jugendarbeit von Haus zu Haus gehen, teilte der Landkreis Fulda mit. Die hessischen Jugendverb\u00e4nde bitten alle Mitb\u00fcrgerinnen und Mitb\u00fcrger um ihre Unterst\u00fctzung.<\/p>\n","protected":false},"excerpt":{"rendered":"<div class=\"tmnf_excerpt\"><p>Sch\u00f6nes aus Fulda. Die Jugendsammelwoche ist die \u00e4lteste Spendensammlung seit Gr\u00fcndung des Bundeslandes Hessen. Ziel der Jugendsammelwoche ist es, die ehrenamtlich geleistete Kinder- und Jugendarbeit in hessischen Vereinen und Verb\u00e4nden zu unterst\u00fctzen. In diesem Jahr werden Sammlerinnen und Sammler vom 23. M\u00e4rz bis zum 1. April 2007 in Hessen f\u00fcr Projekte der Kinder- und Jugendarbeit &hellip;<\/p>\n<\/div>","protected":false},"author":1,"featured_media":0,"comment_status":"closed","ping_status":"closed","sticky":false,"template":"","format":"standard","meta":{"footnotes":""},"categories":[1],"tags":[],"class_list":["post-1324","post","type-post","status-publish","format-standard","hentry","category-startseite"],"_links":{"self":[{"href":"https:\/\/www.fuldaernachrichten.de\/index.php?rest_route=\/wp\/v2\/posts\/1324","targetHints":{"allow":["GET"]}}],"collection":[{"href":"https:\/\/www.fuldaernachrichten.de\/index.php?rest_route=\/wp\/v2\/posts"}],"about":[{"href":"https:\/\/www.fuldaernachrichten.de\/index.php?rest_route=\/wp\/v2\/types\/post"}],"author":[{"embeddable":true,"href":"https:\/\/www.fuldaernachrichten.de\/index.php?rest_route=\/wp\/v2\/users\/1"}],"replies":[{"embeddable":true,"href":"https:\/\/www.fuldaernachrichten.de\/index.php?rest_route=%2Fwp%2Fv2%2Fcomments&post=1324"}],"version-history":[{"count":0,"href":"https:\/\/www.fuldaernachrichten.de\/index.php?rest_route=\/wp\/v2\/posts\/1324\/revisions"}],"wp:attachment":[{"href":"https:\/\/www.fuldaernachrichten.de\/index.php?rest_route=%2Fwp%2Fv2%2Fmedia&parent=1324"}],"wp:term":[{"taxonomy":"category","embeddable":true,"href":"https:\/\/www.fuldaernachrichten.de\/index.php?rest_route=%2Fwp%2Fv2%2Fcategories&post=1324"},{"taxonomy":"post_tag","embeddable":true,"href":"https:\/\/www.fuldaernachrichten.de\/index.php?rest_route=%2Fwp%2Fv2%2Ftags&post=1324"}],"curies":[{"name":"wp","href":"https:\/\/api.w.org\/{rel}","templated":true}]}}