{"id":132385,"date":"2014-11-29T00:12:16","date_gmt":"2014-11-29T00:12:16","guid":{"rendered":"http:\/\/www.fuldaer-nachrichten.de\/?p=132385"},"modified":"2014-11-28T14:42:49","modified_gmt":"2014-11-28T14:42:49","slug":"segnung-der-wohnanlage-st-elisabeth","status":"publish","type":"post","link":"https:\/\/www.fuldaernachrichten.de\/?p=132385","title":{"rendered":"Segnung der Wohnanlage St. Elisabeth"},"content":{"rendered":"<p><a href=\"http:\/\/www.fuldaer-nachrichten.de\/wp-content\/uploads\/2014\/11\/Kartei_191114-364.jpg\"><img decoding=\"async\" class=\"alignleft size-thumbnail wp-image-132387\" src=\"http:\/\/www.fuldaer-nachrichten.de\/wp-content\/uploads\/2014\/11\/Kartei_191114-364-265x148.jpg\" alt=\"Kartei_191114 364\" width=\"265\" height=\"148\" srcset=\"https:\/\/www.fuldaernachrichten.de\/wp-content\/uploads\/2014\/11\/Kartei_191114-364-265x148.jpg 265w, https:\/\/www.fuldaernachrichten.de\/wp-content\/uploads\/2014\/11\/Kartei_191114-364.jpg 600w\" sizes=\"(max-width: 265px) 100vw, 265px\" \/><\/a>Fulda. \u201eWo zwei oder drei in deinem Namen versammelt sind, da bin ich mitten unter ihnen.\u201c Mit diesem Liedtext stimmten sich die teilnehmenden G\u00e4ste stimmungsvoll auf die feierliche Segnung der Wohnanlage St. Elisabeth (ehemalige Elisabethenklinik) am Frauenberg ein. Sr. M. Rosalia Bagus hatte die geladenen Anwesenden begr\u00fc\u00dft, bevor Pfarrer Winfried Reith, selbst Mieter in der Wohnanlage, die Segnung des im vergangenen Jahr als Senioren-Wohnanlage umgebauten Geb\u00e4udes vornahm.<!--more--><\/p>\n<p>Nicht ohne Grund war die Einweihung auf den Festtag der Hl. Elisabeth von Th\u00fcringen verschoben worden, denn erst einen Tag vor der Feier konnte die k\u00fcrzlich restaurierte Sandstein-Figur der Heiligen, die als Patronin der Einrichtung fungiert, linkerhand des Haupteingangs an der Au\u00dfenwand des Geb\u00e4udes installiert werden. Musikalisch umrahmt wurde die Feierstunde von Sr. Dominika Kr\u00f6nung mit ihrer Panfl\u00f6te und Sr. Maria Weber an der Gitarre. Hausdame Silke Hujo lud anschlie\u00dfend alle G\u00e4ste zu einem kleinen Imbiss ins Haus ein und dankte den Schwestern und Pfarrer Reith f\u00fcr die Gestaltung der Feier.<\/p>\n<p><a href=\"http:\/\/www.fuldaer-nachrichten.de\/wp-content\/uploads\/2014\/11\/Kartei_191114-344.jpg\"><img decoding=\"async\" class=\"alignleft size-thumbnail wp-image-132386\" src=\"http:\/\/www.fuldaer-nachrichten.de\/wp-content\/uploads\/2014\/11\/Kartei_191114-344-265x148.jpg\" alt=\"Kartei_191114 344\" width=\"265\" height=\"148\" srcset=\"https:\/\/www.fuldaernachrichten.de\/wp-content\/uploads\/2014\/11\/Kartei_191114-344-265x148.jpg 265w, https:\/\/www.fuldaernachrichten.de\/wp-content\/uploads\/2014\/11\/Kartei_191114-344.jpg 600w\" sizes=\"(max-width: 265px) 100vw, 265px\" \/><\/a>Die Wohnanlage \u201eSt. Elisabeth\u201c in der Hundeshagenstr. 1 liegt zentrumsnah, etwa 500 m vom Stadtzentrum Fulda entfernt, in einer der sch\u00f6nsten Wohnanlagen der historischen Bischofsstadt Fulda, umgeben von Park- und Gr\u00fcnanlagen und historischen Stadth\u00e4usern. In 2013 wurde das Haus komplett saniert. In Abstimmung mit der Denkmalschutzbeh\u00f6rde konnte das attraktive Erscheinungsbild des Geb\u00e4udes erhalten bleiben. Neu errichtete Balkone und ein gro\u00dfz\u00fcgig verglastes Eingangsgeb\u00e4ude weisen auf die neue Nutzung des Geb\u00e4udes als Wohnanlage hin.<\/p>\n","protected":false},"excerpt":{"rendered":"<div class=\"tmnf_excerpt\"><p>Fulda. \u201eWo zwei oder drei in deinem Namen versammelt sind, da bin ich mitten unter ihnen.\u201c Mit diesem Liedtext stimmten sich die teilnehmenden G\u00e4ste stimmungsvoll auf die feierliche Segnung der Wohnanlage St. Elisabeth (ehemalige Elisabethenklinik) am Frauenberg ein. Sr. M. Rosalia Bagus hatte die geladenen Anwesenden begr\u00fc\u00dft, bevor Pfarrer Winfried Reith, selbst Mieter in der &hellip;<\/p>\n<\/div>","protected":false},"author":1,"featured_media":0,"comment_status":"closed","ping_status":"closed","sticky":false,"template":"","format":"standard","meta":{"footnotes":""},"categories":[1,50],"tags":[],"class_list":["post-132385","post","type-post","status-publish","format-standard","hentry","category-startseite","category-kirche"],"_links":{"self":[{"href":"https:\/\/www.fuldaernachrichten.de\/index.php?rest_route=\/wp\/v2\/posts\/132385","targetHints":{"allow":["GET"]}}],"collection":[{"href":"https:\/\/www.fuldaernachrichten.de\/index.php?rest_route=\/wp\/v2\/posts"}],"about":[{"href":"https:\/\/www.fuldaernachrichten.de\/index.php?rest_route=\/wp\/v2\/types\/post"}],"author":[{"embeddable":true,"href":"https:\/\/www.fuldaernachrichten.de\/index.php?rest_route=\/wp\/v2\/users\/1"}],"replies":[{"embeddable":true,"href":"https:\/\/www.fuldaernachrichten.de\/index.php?rest_route=%2Fwp%2Fv2%2Fcomments&post=132385"}],"version-history":[{"count":1,"href":"https:\/\/www.fuldaernachrichten.de\/index.php?rest_route=\/wp\/v2\/posts\/132385\/revisions"}],"predecessor-version":[{"id":132388,"href":"https:\/\/www.fuldaernachrichten.de\/index.php?rest_route=\/wp\/v2\/posts\/132385\/revisions\/132388"}],"wp:attachment":[{"href":"https:\/\/www.fuldaernachrichten.de\/index.php?rest_route=%2Fwp%2Fv2%2Fmedia&parent=132385"}],"wp:term":[{"taxonomy":"category","embeddable":true,"href":"https:\/\/www.fuldaernachrichten.de\/index.php?rest_route=%2Fwp%2Fv2%2Fcategories&post=132385"},{"taxonomy":"post_tag","embeddable":true,"href":"https:\/\/www.fuldaernachrichten.de\/index.php?rest_route=%2Fwp%2Fv2%2Ftags&post=132385"}],"curies":[{"name":"wp","href":"https:\/\/api.w.org\/{rel}","templated":true}]}}