{"id":132382,"date":"2014-11-29T00:13:41","date_gmt":"2014-11-29T00:13:41","guid":{"rendered":"http:\/\/www.fuldaer-nachrichten.de\/?p=132382"},"modified":"2014-11-28T14:41:02","modified_gmt":"2014-11-28T14:41:02","slug":"von-der-zukunft-des-regionalen-bankgeschaefts-rund-100-gaeste-bei-jahresgespraech-des-arbeitskreises-schule-wirtschaft-in-der-sparkasse-fulda","status":"publish","type":"post","link":"https:\/\/www.fuldaernachrichten.de\/?p=132382","title":{"rendered":"Von der Zukunft des regionalen Bankgesch\u00e4fts: Rund 100 G\u00e4ste bei Jahresgespr\u00e4ch des Arbeitskreises Schule-Wirtschaft in der Sparkasse Fulda"},"content":{"rendered":"<p><a href=\"http:\/\/www.fuldaer-nachrichten.de\/wp-content\/uploads\/2014\/11\/Jahresgespr\u00e4ch-2014.jpg\"><img decoding=\"async\" class=\"alignleft size-thumbnail wp-image-132383\" src=\"http:\/\/www.fuldaer-nachrichten.de\/wp-content\/uploads\/2014\/11\/Jahresgespr\u00e4ch-2014-265x176.jpg\" alt=\"Jahresgespr\u00e4ch 2014\" width=\"265\" height=\"176\" \/><\/a> <strong>Fulda<\/strong>. Aktuelle Herausforderungen des Finanzmarktes, die Folgen der Niedrigzinsphase und die Bankfiliale der Zukunft: \u00dcber diese und weitere Themen informierte Alois Fr\u00fcchtl anl\u00e4sslich des Jahresgespr\u00e4chs des Arbeitskreises Schule-Wirtschaft. In der Filiale am Buttermarkt pr\u00e4sentierte der Vorstandsvorsitzende der Sparkasse Fulda den rund 100 G\u00e4sten zahlreiche Zahlen, Daten und Fakten \u00fcber das regionale Kreditinstitut. \u201eWir sind ein Spiegelbild unserer Region\u201c, sagte Fr\u00fcchtl in Hinblick auf den Anteil gewerblicher Kunden, der mit 60 Prozent im Vergleich zu anderen Regionalbanken deutlich \u00fcber dem Durchschnitt liege.<!--more--><\/p>\n<p>Als eine der zentralen aktuellen Herausforderungen stellte der 59-J\u00e4hrige das anhaltend niedrige Zinsniveau heraus: \u201eDas Zinsgesch\u00e4ft ist unser Hauptertragsbringer. Doch die Spanne zwischen Zinsaufwand und -ertrag hat sich in den zur\u00fcckliegenden 20 Jahren halbiert und es l\u00e4sst sich kein Ende dieser Entwicklung absehen.\u201c<\/p>\n<p>Wie das Bankgesch\u00e4ft von morgen aussehen kann, wurde dem Publikum anhand eines dreimin\u00fctigen Films pr\u00e4sentiert: Darin geh\u00f6rten etwa Online-Beratungsangebote, Terminplanungen \u00fcber eine pers\u00f6nliche App und multifunktionale Tische mit Touch-Funktion zum Alltag des Sparkassenkunden. \u201eDiese neue Welt ist nicht mehr fern\u201c, prophezeite der Sparkassen-Vorsitzende. Die Vorsitzende des Arbeitskreises Schule-Wirtschaft, Angelika Bott-Werner, beobachtete den Trend zum Online-Banking mit Skepsis: \u201eIch denke, dass eine kompetente Beratung nur im pers\u00f6nlichen Gespr\u00e4ch und mit seri\u00f6s ausgebildetem Personal m\u00f6glich ist.\u201c Zustimmung von Alois Fr\u00fcchtl: \u201eWir m\u00fcssen das Online-Banking sinnvoll mit der pers\u00f6nlichen Beratung vor Ort verkn\u00fcpfen.\u201c Nur so k\u00f6nne eine Balance zwischen Kundenn\u00e4he und wirtschaftlicher Stabilit\u00e4t erreicht werden.<\/p>\n<p>In einer Podiumsdiskussion, die von Manfred Baumann, Gesch\u00e4ftsf\u00fchrer des Arbeitgeberverbandes Osthessen, moderiert wurde, stellten sich Alois Fr\u00fcchtl und Hubert R\u00f6big, gesch\u00e4ftsf\u00fchrendes Vorstandsmitglied der VR Genossenschaftsbank Fulda, vielf\u00e4ltigen Fragen \u2013 etwa zu den Folgen der Niedrigzinsphase oder zu hohen Dispogeb\u00fchren. Dabei herrschte zwischen den Gespr\u00e4chspartnern in allen Fragen Einigkeit: \u201eDie Aussagen von Herrn Fr\u00fcchtl lassen sich eins zu eins auf unser Haus \u00fcbertragen\u201c, sagte R\u00f6big. Abschlie\u00dfend betonten beide Finanzexperten unisono: \u201eWir sind f\u00fcr die Zukunft gut ger\u00fcstet.\u201c<br \/>\nIn ihrer Ansprache lie\u00df Angelika Bott-Werner die zur\u00fcckliegenden Fortbildungsveranstaltungen des Arbeitskreises Schule-Wirtschaft Revue passieren \u2013 dazu z\u00e4hlten Betriebserkundungen in der Papierfabrik Jass und der B\u00e4ckerei Happ sowie ein Besuch in der Volkshochschule des Landkreises Fulda und eine Informationsveranstaltung zum Thema \u201eInklusion\u201c in der Gebr\u00fcder-Grimm-Schule: \u201eIn diesen Veranstaltungen wurde uns stets mit gro\u00dfem Einsatz ein Blick hinter die Kulissen geboten.\u201c<\/p>\n<p>Manfred Baumann betonte, dass der Arbeitskreis Schule-Wirtschaft mit seinen vielf\u00e4ltigen Weiterbildungen die Wirtschaftskompetenz von P\u00e4dagogen st\u00e4rke und einen wichtigen Beitrag f\u00fcr die Berufsvorbereitung an den Schulen leiste. Zudem gab der Jurist eine erste Vorausschau auf die Arbeitskreis-Aktivit\u00e4ten des kommenden Jahres. Geplant seien Besuche bei tegut\u00e2\u20ac\u00a6, der Agentur f\u00fcr Arbeit und der Stadt Fulda.<\/p>\n","protected":false},"excerpt":{"rendered":"<div class=\"tmnf_excerpt\"><p>Fulda. Aktuelle Herausforderungen des Finanzmarktes, die Folgen der Niedrigzinsphase und die Bankfiliale der Zukunft: \u00dcber diese und weitere Themen informierte Alois Fr\u00fcchtl anl\u00e4sslich des Jahresgespr\u00e4chs des Arbeitskreises Schule-Wirtschaft. In der Filiale am Buttermarkt pr\u00e4sentierte der Vorstandsvorsitzende der Sparkasse Fulda den rund 100 G\u00e4sten zahlreiche Zahlen, Daten und Fakten \u00fcber das regionale Kreditinstitut. \u201eWir sind ein &hellip;<\/p>\n<\/div>","protected":false},"author":1,"featured_media":0,"comment_status":"closed","ping_status":"closed","sticky":false,"template":"","format":"standard","meta":{"footnotes":""},"categories":[1,29],"tags":[],"class_list":["post-132382","post","type-post","status-publish","format-standard","hentry","category-startseite","category-politik"],"_links":{"self":[{"href":"https:\/\/www.fuldaernachrichten.de\/index.php?rest_route=\/wp\/v2\/posts\/132382","targetHints":{"allow":["GET"]}}],"collection":[{"href":"https:\/\/www.fuldaernachrichten.de\/index.php?rest_route=\/wp\/v2\/posts"}],"about":[{"href":"https:\/\/www.fuldaernachrichten.de\/index.php?rest_route=\/wp\/v2\/types\/post"}],"author":[{"embeddable":true,"href":"https:\/\/www.fuldaernachrichten.de\/index.php?rest_route=\/wp\/v2\/users\/1"}],"replies":[{"embeddable":true,"href":"https:\/\/www.fuldaernachrichten.de\/index.php?rest_route=%2Fwp%2Fv2%2Fcomments&post=132382"}],"version-history":[{"count":1,"href":"https:\/\/www.fuldaernachrichten.de\/index.php?rest_route=\/wp\/v2\/posts\/132382\/revisions"}],"predecessor-version":[{"id":132384,"href":"https:\/\/www.fuldaernachrichten.de\/index.php?rest_route=\/wp\/v2\/posts\/132382\/revisions\/132384"}],"wp:attachment":[{"href":"https:\/\/www.fuldaernachrichten.de\/index.php?rest_route=%2Fwp%2Fv2%2Fmedia&parent=132382"}],"wp:term":[{"taxonomy":"category","embeddable":true,"href":"https:\/\/www.fuldaernachrichten.de\/index.php?rest_route=%2Fwp%2Fv2%2Fcategories&post=132382"},{"taxonomy":"post_tag","embeddable":true,"href":"https:\/\/www.fuldaernachrichten.de\/index.php?rest_route=%2Fwp%2Fv2%2Ftags&post=132382"}],"curies":[{"name":"wp","href":"https:\/\/api.w.org\/{rel}","templated":true}]}}