{"id":132378,"date":"2014-11-29T00:12:37","date_gmt":"2014-11-29T00:12:37","guid":{"rendered":"http:\/\/www.fuldaer-nachrichten.de\/?p=132378"},"modified":"2014-11-28T14:36:32","modified_gmt":"2014-11-28T14:36:32","slug":"seniorenwoche-2015-in-fulda","status":"publish","type":"post","link":"https:\/\/www.fuldaernachrichten.de\/?p=132378","title":{"rendered":"Seniorenwoche 2015 in Fulda"},"content":{"rendered":"<p>Fulda. Unter dem Thema \u201eBunt und vielf\u00e4ltig\u201c findet vom 20. &#8211; 27. Juni 2015 die Fuldaer Seniorenwoche statt. Die Stadt Fulda organisiert in Kooperation mit vielen Institutionen und Diensten, die Dienstleistungen insbesondere f\u00fcr die \u00e4ltere Generation anbieten, sowie Betrieben und Einzelh\u00e4ndlern und Seniorengruppen ein umfangreiches Programm.<!--more--><\/p>\n<p>Die Seniorenwoche soll nach Auskunft der Verantwortlichen im Amt f\u00fcr Jugend, Familie und Senioren die F\u00fclle der M\u00f6glichkeiten an Unterst\u00fctzung, Beratung und Freizeitgestaltung f\u00fcr \u00e4ltere Menschen aufzeigen. \u201eWir wollen, dass \u00e4ltere Menschen und Engagierte einander begegnen, sich austauschen und informieren\u201c, so die Mitarbeiterinnen im Seniorenb\u00fcro. Dar\u00fcber hinaus seien nat\u00fcrlich j\u00fcngere Angeh\u00f6rige ebenso willkommen wie interessierte B\u00fcrgerinnen und B\u00fcrger jeden Alters. Die Mitarbeiterinnen betonen, dass die Seniorenwoche nicht kommerziell ausgerichtet ist, sondern die meisten Veranstaltungen kostenfrei sind. Bei einem ersten Vorbereitungstreffen wurden die drei Arbeitsgruppen: Auftaktveranstaltung, Programmheft und \u00d6ffentlichkeitsarbeit gebildet.<\/p>\n<p>Die Auftaktveranstaltung findet am 20. Juni 2015 im Kanzlerpalais und auf dem Platz Unterm Heilig Kreuz statt. F\u00fcr die Woche wird ein Programmheft erstellt. Interessierte Organisationen und Institutionen sind aufgerufen eigene Veranstaltungen anzubieten. Bitte melden Sie sich beim Seniorenb\u00fcro des Amts f\u00fcr Jugend, Familie und Senioren der Stadt Fulda, Telefon 102-1972 oder 102-1913 oder E-Mail: <a href=\"mailto:senioren-buero@fulda.de\">senioren-buero@fulda.de<\/a>, wenn Sie sich an der Auftaktveranstaltung beteiligen oder im Laufe der Woche einen eigene Veranstaltung durchf\u00fchren m\u00f6chten.<\/p>\n","protected":false},"excerpt":{"rendered":"<div class=\"tmnf_excerpt\"><p>Fulda. Unter dem Thema \u201eBunt und vielf\u00e4ltig\u201c findet vom 20. &#8211; 27. Juni 2015 die Fuldaer Seniorenwoche statt. Die Stadt Fulda organisiert in Kooperation mit vielen Institutionen und Diensten, die Dienstleistungen insbesondere f\u00fcr die \u00e4ltere Generation anbieten, sowie Betrieben und Einzelh\u00e4ndlern und Seniorengruppen ein umfangreiches Programm.<\/p>\n<\/div>","protected":false},"author":1,"featured_media":0,"comment_status":"closed","ping_status":"closed","sticky":false,"template":"","format":"standard","meta":{"footnotes":""},"categories":[1,44],"tags":[],"class_list":["post-132378","post","type-post","status-publish","format-standard","hentry","category-startseite","category-kultur"],"_links":{"self":[{"href":"https:\/\/www.fuldaernachrichten.de\/index.php?rest_route=\/wp\/v2\/posts\/132378","targetHints":{"allow":["GET"]}}],"collection":[{"href":"https:\/\/www.fuldaernachrichten.de\/index.php?rest_route=\/wp\/v2\/posts"}],"about":[{"href":"https:\/\/www.fuldaernachrichten.de\/index.php?rest_route=\/wp\/v2\/types\/post"}],"author":[{"embeddable":true,"href":"https:\/\/www.fuldaernachrichten.de\/index.php?rest_route=\/wp\/v2\/users\/1"}],"replies":[{"embeddable":true,"href":"https:\/\/www.fuldaernachrichten.de\/index.php?rest_route=%2Fwp%2Fv2%2Fcomments&post=132378"}],"version-history":[{"count":1,"href":"https:\/\/www.fuldaernachrichten.de\/index.php?rest_route=\/wp\/v2\/posts\/132378\/revisions"}],"predecessor-version":[{"id":132379,"href":"https:\/\/www.fuldaernachrichten.de\/index.php?rest_route=\/wp\/v2\/posts\/132378\/revisions\/132379"}],"wp:attachment":[{"href":"https:\/\/www.fuldaernachrichten.de\/index.php?rest_route=%2Fwp%2Fv2%2Fmedia&parent=132378"}],"wp:term":[{"taxonomy":"category","embeddable":true,"href":"https:\/\/www.fuldaernachrichten.de\/index.php?rest_route=%2Fwp%2Fv2%2Fcategories&post=132378"},{"taxonomy":"post_tag","embeddable":true,"href":"https:\/\/www.fuldaernachrichten.de\/index.php?rest_route=%2Fwp%2Fv2%2Ftags&post=132378"}],"curies":[{"name":"wp","href":"https:\/\/api.w.org\/{rel}","templated":true}]}}