{"id":132353,"date":"2014-11-29T00:10:04","date_gmt":"2014-11-29T00:10:04","guid":{"rendered":"http:\/\/www.fuldaer-nachrichten.de\/?p=132353"},"modified":"2014-11-28T13:48:38","modified_gmt":"2014-11-28T13:48:38","slug":"weihnachtsferien-20142015-noch-wenige-plaetze-frei-im-kunstworkshop","status":"publish","type":"post","link":"https:\/\/www.fuldaernachrichten.de\/?p=132353","title":{"rendered":"Weihnachtsferien 2014\/2015 &#8211; noch wenige Pl\u00e4tze frei im Kunstworkshop"},"content":{"rendered":"<p>Fulda. Von der Steinzeit bis heute ist Verh\u00fcllung ein Thema der Kunst. Am Beispiel alter Meister lauschen die Teilehmerinnen udn Teilnehmer Bilder-Geschichten, schauen Kunstwerke an und werden selbst zu Verpackungsk\u00fcnstlern. Ausgangspunkt des Workshops ist die aktuelle Kunstausstellung &#8216;VERPACKT&#8217;, in der Arbeiten von Christo &amp; Jeanne-Claude gezeigt werden. In einer spannenden Sonderf\u00fchrung wird die Ausstellung erkundet, um dann vielf\u00e4ltige Aktivit\u00e4ten rund ums Thema &#8216;Verpacken&#8217; anzuschlie\u00dfen.<!--more--><\/p>\n<p>Termin:\u00c2\u00a0 5. bis 9. Januar 2015<br \/>\nLeitung:Linda Doernbach, K\u00fcnstlerin, Fulda<br \/>\nInformation und Anmeldung: Kinder-Akademie Fulda, Telefon 0661.90273.0<\/p>\n","protected":false},"excerpt":{"rendered":"<div class=\"tmnf_excerpt\"><p>Fulda. Von der Steinzeit bis heute ist Verh\u00fcllung ein Thema der Kunst. Am Beispiel alter Meister lauschen die Teilehmerinnen udn Teilnehmer Bilder-Geschichten, schauen Kunstwerke an und werden selbst zu Verpackungsk\u00fcnstlern. Ausgangspunkt des Workshops ist die aktuelle Kunstausstellung &#8216;VERPACKT&#8217;, in der Arbeiten von Christo &amp; Jeanne-Claude gezeigt werden. In einer spannenden Sonderf\u00fchrung wird die Ausstellung erkundet, &hellip;<\/p>\n<\/div>","protected":false},"author":1,"featured_media":0,"comment_status":"closed","ping_status":"closed","sticky":false,"template":"","format":"standard","meta":{"footnotes":""},"categories":[1,72],"tags":[],"class_list":["post-132353","post","type-post","status-publish","format-standard","hentry","category-startseite","category-jugend"],"_links":{"self":[{"href":"https:\/\/www.fuldaernachrichten.de\/index.php?rest_route=\/wp\/v2\/posts\/132353","targetHints":{"allow":["GET"]}}],"collection":[{"href":"https:\/\/www.fuldaernachrichten.de\/index.php?rest_route=\/wp\/v2\/posts"}],"about":[{"href":"https:\/\/www.fuldaernachrichten.de\/index.php?rest_route=\/wp\/v2\/types\/post"}],"author":[{"embeddable":true,"href":"https:\/\/www.fuldaernachrichten.de\/index.php?rest_route=\/wp\/v2\/users\/1"}],"replies":[{"embeddable":true,"href":"https:\/\/www.fuldaernachrichten.de\/index.php?rest_route=%2Fwp%2Fv2%2Fcomments&post=132353"}],"version-history":[{"count":1,"href":"https:\/\/www.fuldaernachrichten.de\/index.php?rest_route=\/wp\/v2\/posts\/132353\/revisions"}],"predecessor-version":[{"id":132354,"href":"https:\/\/www.fuldaernachrichten.de\/index.php?rest_route=\/wp\/v2\/posts\/132353\/revisions\/132354"}],"wp:attachment":[{"href":"https:\/\/www.fuldaernachrichten.de\/index.php?rest_route=%2Fwp%2Fv2%2Fmedia&parent=132353"}],"wp:term":[{"taxonomy":"category","embeddable":true,"href":"https:\/\/www.fuldaernachrichten.de\/index.php?rest_route=%2Fwp%2Fv2%2Fcategories&post=132353"},{"taxonomy":"post_tag","embeddable":true,"href":"https:\/\/www.fuldaernachrichten.de\/index.php?rest_route=%2Fwp%2Fv2%2Ftags&post=132353"}],"curies":[{"name":"wp","href":"https:\/\/api.w.org\/{rel}","templated":true}]}}