{"id":132348,"date":"2014-11-28T00:12:53","date_gmt":"2014-11-28T00:12:53","guid":{"rendered":"http:\/\/www.fuldaer-nachrichten.de\/?p=132348"},"modified":"2014-11-27T11:25:58","modified_gmt":"2014-11-27T11:25:58","slug":"adventskalender-auf-der-homepage-des-bistums-fulda-auch-als-sms-2","status":"publish","type":"post","link":"https:\/\/www.fuldaernachrichten.de\/?p=132348","title":{"rendered":"Adventskalender auf der Homepage des Bistums Fulda \u2013 auch als SMS"},"content":{"rendered":"<p>Fulda (bpf). Die Adventszeit, die Zeit der Vorbereitung auf Weihnachten, die Geburt unseres Herrn Jesus Christus, steht unmittelbar bevor. Auf der Internetseite des Bistums Fulda werden Interessierte jeden Tag mit einem kurzen Gedanken auf das eigentliche Geschehen von Weihnachten vorbereitet und so durch die Adventszeit begleitet. Der Adventskalender bietet kurze Impulse zu jedem Tag im Advent und kann ab 1. Dezember unter <a href=\"http:\/\/www.bistum-fulda.de\/\">www.bistum-fulda.de<\/a> aufgerufen werden.<!--more--><\/p>\n<p>Als besonderen Service bietet das Bistum dieses Jahr wieder einen SMS-Adventskalender mit Kurznachrichten von bis zu 120 Zeichen an, der ab sofort kostenlos auf der Bistumshomepage abonniert werden kann. Er enth\u00e4lt kurze Botschaften f\u00fcr einen selbst oder aber auch f\u00fcr Menschen, die einem wichtig sind. Die An- und Abmeldungen sind auf der Internetseite des Bistums \u00fcber eine Meldemaske m\u00f6glich, in die Name und Handynummer eingetragen werden k\u00f6nnen. Die Daten werden f\u00fcr keinen anderen Zweck verwendet und am Ende des Advents automatisch wieder gel\u00f6scht.<\/p>\n<p>&nbsp;<\/p>\n","protected":false},"excerpt":{"rendered":"<div class=\"tmnf_excerpt\"><p>Fulda (bpf). Die Adventszeit, die Zeit der Vorbereitung auf Weihnachten, die Geburt unseres Herrn Jesus Christus, steht unmittelbar bevor. Auf der Internetseite des Bistums Fulda werden Interessierte jeden Tag mit einem kurzen Gedanken auf das eigentliche Geschehen von Weihnachten vorbereitet und so durch die Adventszeit begleitet. Der Adventskalender bietet kurze Impulse zu jedem Tag im &hellip;<\/p>\n<\/div>","protected":false},"author":1,"featured_media":0,"comment_status":"closed","ping_status":"closed","sticky":false,"template":"","format":"standard","meta":{"footnotes":""},"categories":[1,50],"tags":[],"class_list":["post-132348","post","type-post","status-publish","format-standard","hentry","category-startseite","category-kirche"],"_links":{"self":[{"href":"https:\/\/www.fuldaernachrichten.de\/index.php?rest_route=\/wp\/v2\/posts\/132348","targetHints":{"allow":["GET"]}}],"collection":[{"href":"https:\/\/www.fuldaernachrichten.de\/index.php?rest_route=\/wp\/v2\/posts"}],"about":[{"href":"https:\/\/www.fuldaernachrichten.de\/index.php?rest_route=\/wp\/v2\/types\/post"}],"author":[{"embeddable":true,"href":"https:\/\/www.fuldaernachrichten.de\/index.php?rest_route=\/wp\/v2\/users\/1"}],"replies":[{"embeddable":true,"href":"https:\/\/www.fuldaernachrichten.de\/index.php?rest_route=%2Fwp%2Fv2%2Fcomments&post=132348"}],"version-history":[{"count":1,"href":"https:\/\/www.fuldaernachrichten.de\/index.php?rest_route=\/wp\/v2\/posts\/132348\/revisions"}],"predecessor-version":[{"id":132349,"href":"https:\/\/www.fuldaernachrichten.de\/index.php?rest_route=\/wp\/v2\/posts\/132348\/revisions\/132349"}],"wp:attachment":[{"href":"https:\/\/www.fuldaernachrichten.de\/index.php?rest_route=%2Fwp%2Fv2%2Fmedia&parent=132348"}],"wp:term":[{"taxonomy":"category","embeddable":true,"href":"https:\/\/www.fuldaernachrichten.de\/index.php?rest_route=%2Fwp%2Fv2%2Fcategories&post=132348"},{"taxonomy":"post_tag","embeddable":true,"href":"https:\/\/www.fuldaernachrichten.de\/index.php?rest_route=%2Fwp%2Fv2%2Ftags&post=132348"}],"curies":[{"name":"wp","href":"https:\/\/api.w.org\/{rel}","templated":true}]}}