{"id":132329,"date":"2014-11-28T00:16:53","date_gmt":"2014-11-28T00:16:53","guid":{"rendered":"http:\/\/www.fuldaer-nachrichten.de\/?p=132329"},"modified":"2014-11-27T08:24:29","modified_gmt":"2014-11-27T08:24:29","slug":"magazin-ferienwandern-2015-ab-dezember-im-handel","status":"publish","type":"post","link":"https:\/\/www.fuldaernachrichten.de\/?p=132329","title":{"rendered":"Magazin Ferienwandern 2015 ab Dezember im Handel"},"content":{"rendered":"<p>Kassel. Das Magazin Ferienwandern f\u00fcr das Jahr 2015 hat so viel Inhalt wie kein Ferienwandern zuvor. Das Anfang Dezember erscheinende Heft informiert \u00fcber eine F\u00fclle von Wanderwegen, Wanderregionen sowie Terminen f\u00fcr gef\u00fchrte Wanderungen und bietet eine lange Liste wanderfreundlicher Unterk\u00fcnfte.<!--more--><\/p>\n<p>Mit dem Magazin informiert der Deutsche Wanderverband (DWV) \u00fcber 50 Wanderregionen und Wege im In- und Ausland sowie weitere spannende Themen rund um das Wandern. Dazu hat die Redaktion \u00fcber 250 Termine zu gef\u00fchrten Wanderungen zusammen getragen. Den schnellen \u00dcberblick bringt der Wanderkalender. Die meisten dieser Wanderungen bieten qualifizierte Wanderf\u00fchrer aus den Mitgliedsvereinen des Deutschen Wanderverbandes an. Das\u00c2\u00a0 garantiert Spannung, Geselligkeit und Spa\u00df. Um Letzteren nicht zu verlieren, sind bei mehrt\u00e4gigen Wanderungen wanderfreundliche Unterk\u00fcnfte ein Muss. Die Beschreibung von rund 120 dieser H\u00e4user bietet der dritte Teil des Magazins.<\/p>\n<p>Das Heft startet mit einer beeindruckenden Fotostrecke aus vielen Regionen Deutschlands. Schon hier bekommen die Leser Lust, die Wanderschuhe anzuziehen und sofort loszugehen. Dieser Wunsch wird in der Rubrik \u201eWanderthemen\u201c noch st\u00e4rker. Wie w\u00e4re es zum Beispiel mit einer Tour auf gr\u00fcnen Saumpfaden entlang der Hermannsh\u00f6hen im Teutoburger Wald? Einen Besuch wert ist sicher auch der Donauberglandweg. Der Qualit\u00e4tsweg \u201eWanderbares Deutschland\u201c ist im Jahr 2013 zum zweitsch\u00f6nsten Wanderweg der Republik gew\u00e4hlt worden. Und auf dem Lebk\u00fcchlerweg im Schwarzwald bekommen Wanderer zur St\u00e4rkung \u2013 verteilt auf die gesamte Strecke \u2013 ein Drei-G\u00e4nge-Men\u00fc. Doch auch im Ausland l\u00e4sst es sich prima wandern, etwa im M\u00fcllerthal in Luxemburg oder auf\u00c2\u00a0 Andros, der gr\u00fcnsten aller Kykladen-Inseln.<\/p>\n<p>Wie gewohnt informiert Ferienwandern \u00fcber den Deutschen Wandertag, der im Jahr 2015 im Paderborner Land unter dem Motto \u201eWandern an Quellen\u201c stattfindet. Dazu erfahren die Leser, wie pr\u00e4chtig sich die Qualit\u00e4tsinitiative \u201eWanderbares Deutschland\u201c entwickelt hat. Die Qualit\u00e4tsgastgeber feiern im Jahr 2015 ihr 10-j\u00e4hriges Jubil\u00e4um. Und viele Wanderer orientieren sich heute an den bundesweit rund 1.550 Qualit\u00e4tsgastgebern, wenn sie ihren Urlaub planen. Nicht zuletzt gibt das Heft einen \u00dcberblick \u00fcber die Vorteile der DWV-Mitgliedskarte.<\/p>\n<p>Zu bekommen ist Ferienwandern 2015 innerhalb Deutschlands gegen eine Versandkostenpauschale von 3,70 EUR. Kontakt: Deutscher Wanderverband, Wilhelmsh\u00f6her Allee 157-159, 34121 Kassel, Tel. (05 61) 9 38 73-0,\u00c2\u00a0 Fax: (05 61) 9 38 73-10, E-Mail: info@wanderverband.de bzw. online \u00fcber unseren B\u00fcchershop auf www.wanderbares-deutschland.de.<\/p>\n","protected":false},"excerpt":{"rendered":"<div class=\"tmnf_excerpt\"><p>Kassel. Das Magazin Ferienwandern f\u00fcr das Jahr 2015 hat so viel Inhalt wie kein Ferienwandern zuvor. Das Anfang Dezember erscheinende Heft informiert \u00fcber eine F\u00fclle von Wanderwegen, Wanderregionen sowie Terminen f\u00fcr gef\u00fchrte Wanderungen und bietet eine lange Liste wanderfreundlicher Unterk\u00fcnfte.<\/p>\n<\/div>","protected":false},"author":1,"featured_media":0,"comment_status":"closed","ping_status":"closed","sticky":false,"template":"","format":"standard","meta":{"footnotes":""},"categories":[1],"tags":[],"class_list":["post-132329","post","type-post","status-publish","format-standard","hentry","category-startseite"],"_links":{"self":[{"href":"https:\/\/www.fuldaernachrichten.de\/index.php?rest_route=\/wp\/v2\/posts\/132329","targetHints":{"allow":["GET"]}}],"collection":[{"href":"https:\/\/www.fuldaernachrichten.de\/index.php?rest_route=\/wp\/v2\/posts"}],"about":[{"href":"https:\/\/www.fuldaernachrichten.de\/index.php?rest_route=\/wp\/v2\/types\/post"}],"author":[{"embeddable":true,"href":"https:\/\/www.fuldaernachrichten.de\/index.php?rest_route=\/wp\/v2\/users\/1"}],"replies":[{"embeddable":true,"href":"https:\/\/www.fuldaernachrichten.de\/index.php?rest_route=%2Fwp%2Fv2%2Fcomments&post=132329"}],"version-history":[{"count":1,"href":"https:\/\/www.fuldaernachrichten.de\/index.php?rest_route=\/wp\/v2\/posts\/132329\/revisions"}],"predecessor-version":[{"id":132330,"href":"https:\/\/www.fuldaernachrichten.de\/index.php?rest_route=\/wp\/v2\/posts\/132329\/revisions\/132330"}],"wp:attachment":[{"href":"https:\/\/www.fuldaernachrichten.de\/index.php?rest_route=%2Fwp%2Fv2%2Fmedia&parent=132329"}],"wp:term":[{"taxonomy":"category","embeddable":true,"href":"https:\/\/www.fuldaernachrichten.de\/index.php?rest_route=%2Fwp%2Fv2%2Fcategories&post=132329"},{"taxonomy":"post_tag","embeddable":true,"href":"https:\/\/www.fuldaernachrichten.de\/index.php?rest_route=%2Fwp%2Fv2%2Ftags&post=132329"}],"curies":[{"name":"wp","href":"https:\/\/api.w.org\/{rel}","templated":true}]}}