{"id":132319,"date":"2014-11-28T00:16:09","date_gmt":"2014-11-28T00:16:09","guid":{"rendered":"http:\/\/www.fuldaer-nachrichten.de\/?p=132319"},"modified":"2014-11-27T08:17:42","modified_gmt":"2014-11-27T08:17:42","slug":"zwei-professorinnen-der-hochschule-fulda-erhalten-forschungspreis-der-hessischen-hochschulen-fuer-angewandte-wissenschaften","status":"publish","type":"post","link":"https:\/\/www.fuldaernachrichten.de\/?p=132319","title":{"rendered":"Zwei Professorinnen der Hochschule Fulda erhalten Forschungspreis der hessischen Hochschulen f\u00fcr angewandte Wissenschaften"},"content":{"rendered":"<div id=\"attachment_132320\" style=\"width: 275px\" class=\"wp-caption alignleft\"><a href=\"http:\/\/www.fuldaer-nachrichten.de\/wp-content\/uploads\/2014\/11\/Forschungspreis.jpg\"><img decoding=\"async\" aria-describedby=\"caption-attachment-132320\" class=\"size-thumbnail wp-image-132320\" src=\"http:\/\/www.fuldaer-nachrichten.de\/wp-content\/uploads\/2014\/11\/Forschungspreis-265x180.jpg\" alt=\"v.l. Prof. Dr. Dorit Schumann (Vizepr\u00e4sidentin f\u00fcr Forschung und Entwicklung an der Hochschule Fulda), Prof. Dr. Bernhard Humm (Hochschule Darmstadt), Prof. Dr. Beate Bl\u00e4ttner (Hochschule Fulda), Prof. Dr. habil. Monika Alisch (Hochschule Fulda), Prof. Dr. habil. Michael May (Hochschule RheinMain), Prof. Dr. Karim Khakzar (Pr\u00e4sident der Hochschule Fulda) \" width=\"265\" height=\"180\" srcset=\"https:\/\/www.fuldaernachrichten.de\/wp-content\/uploads\/2014\/11\/Forschungspreis-265x180.jpg 265w, https:\/\/www.fuldaernachrichten.de\/wp-content\/uploads\/2014\/11\/Forschungspreis.jpg 600w\" sizes=\"(max-width: 265px) 100vw, 265px\" \/><\/a><p id=\"caption-attachment-132320\" class=\"wp-caption-text\">v.l. Prof. Dr. Dorit Schumann (Vizepr\u00e4sidentin f\u00fcr Forschung und Entwicklung an der Hochschule Fulda), Prof. Dr. Bernhard Humm (Hochschule Darmstadt), Prof. Dr. Beate Bl\u00e4ttner (Hochschule Fulda), Prof. Dr. habil. Monika Alisch (Hochschule Fulda), Prof. Dr. habil. Michael May (Hochschule RheinMain), Prof. Dr. Karim Khakzar (Pr\u00e4sident der Hochschule Fulda)<\/p><\/div>\n<p>Fulda. Gleich zwei Forschungsprojekte der Hochschule Fulda sind in diesem Jahr mit dem Forschungspreis der hessischen Hochschulen f\u00fcr angewandte Wissenschaften ausgezeichnet worden: Prof. Dr. Beate Bl\u00e4ttner, Fachbereich Pflege und Gesundheit, erhielt die Auszeichnung f\u00fcr ihr Projekt \u201eTeen Dating Violence\u201c. Sie hat erforscht, wie h\u00e4ufig Jugendliche Gewalt in ihren ersten Liebesbeziehungen erfahren und wie diese sich auf ihr Wohlbefinden und ihre Leistungsf\u00e4higkeit auswirkt. Prof. Dr. habil. Monika Alisch, Fachbereich Sozialwesen, hat in hochschul\u00fcbergreifender Zusammenarbeit mit Prof. Dr. habil. Michael May von der Hochschule RheinMain wissenschaftlich untersucht, wie sich f\u00fcr \u00e4ltere Migrantinnen und Migranten im Quartier Netzwerke der Selbsthilfe und Selbstorganisation initiieren und st\u00fctzen lassen. Beide Projekte erhalten jeweils 10.000 Euro f\u00fcr ihre Forschungsarbeit.<!--more--><\/p>\n<p>Der Forschungspreis wird seit 2008 alle zwei Jahre im Rahmen der Initiative \u201eForschung f\u00fcr die Praxis\u201c von den hessischen Fachhochschulen zusammen mit dem Hessischen Ministerium f\u00fcr Wissenschaft und Kunst f\u00fcr herausragende Leistungen in der angewandten Forschung verliehen. Der insgesamt mit 30.000 Euro dotierte Preis ging an drei Forschungsprojekte. Neben den beiden Fuldaer Professorinnen wurde ein Projekt der Hochschule Darmstadt ausgezeichnet, das eine Cloud-Medienplattform f\u00fcr Kunsterlebnisse im digitalen Raum entwickelt hat. Die Preisverleihung fand am Mittwoch dieser Woche an der Hochschule Fulda statt.<\/p>\n<p>\u201eWir zeichnen heute zwei Wissenschaftlerinnen aus, die eine intensive Forschungsarbeit betreiben\u201c, w\u00fcrdigte Hochschulpr\u00e4sident Prof. Dr. Karim Khakzar die beiden Fuldaer Preistr\u00e4gerinnen. \u201eSeit vielen Jahren arbeiten an der Hochschule Fulda Forschungsgruppen an den Themenfeldern Gesundheitsschutz bei interpersoneller Gewalt und zum Thema der sozialen Ungleichheit und Teilhabe im Sozialraum.\u201c Bei der Pr\u00e4sentation der Projekte sei das gro\u00dfe Engagement sp\u00fcrbar gewesen. Das habe die Jury \u00fcberzeugt. Denn die Auswahl sei in diesem Jahr besonders schwer gefallen. Umso erfreulicher sei es, dass die Hochschule Fulda so au\u00dferordentlich positiv abschneide.<\/p>\n<p>Khakzar, der als Vorsitzender der Konferenz hessischer Fachhochschulpr\u00e4sidien Mitglied der sechsk\u00f6pfigen Jury war, engagiert sich derzeit gemeinsam mit anderen hessischen Hochschulpr\u00e4sidenten f\u00fcr eine angemessene und dauerhafte Grundfinanzierung der Forschung an Fachhochschulen und einen deutlichen Ausbau der Forschungsf\u00f6rderprogramme. \u201eForschung an Fachhochschulen ist nicht nur deshalb wichtig, weil sie ma\u00dfgeblich die Qualit\u00e4t der Lehre bestimmt. Sie leistet auch einen wesentlichen Beitrag zur L\u00f6sung technischer, wirtschaftlicher und sozialer Herausforderungen unserer Zeit und sichert damit unsere Zukunft\u201c, betonte der Fuldaer Hochschulpr\u00e4sident. Bislang ist die Forschung an Hochschulen f\u00fcr angewandte Wissenschaften ausschlie\u00dflich \u00fcber Drittmittel finanziert.<\/p>\n<p><strong>Die Initiative \u201eForschung f\u00fcr die Praxis\u201c<\/strong><\/p>\n<p>Die Initiative \u201eForschung f\u00fcr die Praxis\u201c wurde von den f\u00fcnf staatlichen hessischen Fachhochschulen initiiert. \u00dcber die hessenweit angelegte Kampagne werben die f\u00fcnf Hochschulen f\u00fcr angewandte Wissenschaften f\u00fcr ihr Forschungspotenzial und ihr breites Leistungsangebot. Finanziert wird die Initiative in erster Linie aus Mitteln des Hessischen Ministeriums f\u00fcr Wissenschaft und Kunst und aus Eigenmitteln der beteiligten Hochschulen.<\/p>\n<p>Mehr zur Initiative unter <a href=\"http:\/\/www.forschung-fuer-die-praxis.de\">www.forschung-fuer-die-praxis.de<\/a><\/p>\n","protected":false},"excerpt":{"rendered":"<div class=\"tmnf_excerpt\"><p>Fulda. Gleich zwei Forschungsprojekte der Hochschule Fulda sind in diesem Jahr mit dem Forschungspreis der hessischen Hochschulen f\u00fcr angewandte Wissenschaften ausgezeichnet worden: Prof. Dr. Beate Bl\u00e4ttner, Fachbereich Pflege und Gesundheit, erhielt die Auszeichnung f\u00fcr ihr Projekt \u201eTeen Dating Violence\u201c. Sie hat erforscht, wie h\u00e4ufig Jugendliche Gewalt in ihren ersten Liebesbeziehungen erfahren und wie diese sich &hellip;<\/p>\n<\/div>","protected":false},"author":1,"featured_media":0,"comment_status":"closed","ping_status":"closed","sticky":false,"template":"","format":"standard","meta":{"footnotes":""},"categories":[1,48],"tags":[],"class_list":["post-132319","post","type-post","status-publish","format-standard","hentry","category-startseite","category-forschung"],"_links":{"self":[{"href":"https:\/\/www.fuldaernachrichten.de\/index.php?rest_route=\/wp\/v2\/posts\/132319","targetHints":{"allow":["GET"]}}],"collection":[{"href":"https:\/\/www.fuldaernachrichten.de\/index.php?rest_route=\/wp\/v2\/posts"}],"about":[{"href":"https:\/\/www.fuldaernachrichten.de\/index.php?rest_route=\/wp\/v2\/types\/post"}],"author":[{"embeddable":true,"href":"https:\/\/www.fuldaernachrichten.de\/index.php?rest_route=\/wp\/v2\/users\/1"}],"replies":[{"embeddable":true,"href":"https:\/\/www.fuldaernachrichten.de\/index.php?rest_route=%2Fwp%2Fv2%2Fcomments&post=132319"}],"version-history":[{"count":1,"href":"https:\/\/www.fuldaernachrichten.de\/index.php?rest_route=\/wp\/v2\/posts\/132319\/revisions"}],"predecessor-version":[{"id":132321,"href":"https:\/\/www.fuldaernachrichten.de\/index.php?rest_route=\/wp\/v2\/posts\/132319\/revisions\/132321"}],"wp:attachment":[{"href":"https:\/\/www.fuldaernachrichten.de\/index.php?rest_route=%2Fwp%2Fv2%2Fmedia&parent=132319"}],"wp:term":[{"taxonomy":"category","embeddable":true,"href":"https:\/\/www.fuldaernachrichten.de\/index.php?rest_route=%2Fwp%2Fv2%2Fcategories&post=132319"},{"taxonomy":"post_tag","embeddable":true,"href":"https:\/\/www.fuldaernachrichten.de\/index.php?rest_route=%2Fwp%2Fv2%2Ftags&post=132319"}],"curies":[{"name":"wp","href":"https:\/\/api.w.org\/{rel}","templated":true}]}}